{"id":127197,"date":"2018-10-23T11:06:59","date_gmt":"2018-10-23T16:06:59","guid":{"rendered":"http:\/\/sintesis.com.mx\/puebla\/?p=127197"},"modified":"2018-10-23T11:06:59","modified_gmt":"2018-10-23T16:06:59","slug":"cambiarian-normativa-acoso-callejero","status":"publish","type":"post","link":"https:\/\/sintesis.com.mx\/puebla\/2018\/10\/23\/cambiarian-normativa-acoso-callejero\/","title":{"rendered":"Cambiar\u00edan normativa de Luis Banck contra acoso sexual callejero"},"content":{"rendered":"<p>La presidenta de la <strong>comisi\u00f3n de Derechos Humanos e Igualdad de G\u00e9nero<\/strong> del cabildo poblano, <strong>Carmen Mar\u00eda Palma Ben\u00edtez<\/strong>, dio a conocer que analizar\u00e1n la normativa por la que castiga el <strong>acoso sexual callejero<\/strong>, con el objetivo de enriquecer o, en su caso, hasta modificar algunos apartados del art\u00edculo 209 del cap\u00edtulo 9 de Polic\u00eda y Gobierno del <strong>C\u00f3digo Reglamentario Municipal<\/strong> (Coremun).<\/p>\n<p>En entrevista, dijo que en estos momentos se encuentran en la instalaci\u00f3n de la comisiones, pero se dijo dispuesta a modificar la reglamentaci\u00f3n incluso aumentar sanciones si es que lo amerita.<\/p>\n<p>Sostuvo que lo anterior depender\u00e1 del an\u00e1lisis que se realice junto con grupos de especialistas en <strong>equidad y g\u00e9nero<\/strong>, con el inter\u00e9s de que la medida s\u00ed funciones y cumpla con el objetivo de erradicar el acoso y la <strong>violencia contra las mujeres<\/strong>.<\/p>\n<p>\u201c<em>Queremos ver que sean efectivas y resulten, que s\u00ed haya una verdadera detenci\u00f3n a los acosos. Ahora estamos instalando las comisiones y estamos teniendo reuniones con grupos, ellos traen propuesta en estos temas y propuestas para cambios en el <strong>Coremun<\/strong>, poco a poco vamos a ir viendo que es lo que tenemos que modificar en el Coremun<\/em>\u201d, dijo.<\/p>\n<p>Sobre el incremento a las sanciones, actualmente de <strong>8 mil pesos<\/strong> y <strong>36 horas de arresto<\/strong>, respondi\u00f3 que primero evaluar\u00e1n si han funcionado para aterrizar cambios.<\/p>\n<p>\u201c<em>Hay que estudiarlas muy bien para saber si se necesitan reforzar m\u00e1s y tener que hacerlo, si vemos que no es suficiente, nosotros tenemos que cambiarlo. Apenas estamos haciendo el an\u00e1lisis, estamos hablando con las organizaciones de g\u00e9nero y <strong>derechos humanos<\/strong><\/em>\u201d, agreg\u00f3.<\/p>\n<p>El <strong>16 de agosto<\/strong>, los regidores por unanimidad aprobaron reformas al Coremun:<\/p>\n<p><strong>Conductas que se sancionan de acuerdo al inciso r de la fracci\u00f3n IV del art\u00edculo 209: <\/strong><\/p>\n<p>1.- Se consideran faltas administrativas o infracciones al presente cap\u00edtulo: expresiones verbales con connotaci\u00f3n sexual o lasciva, tales como palabras comentarios, jadeos, silbidos o cualquier sonido que puedan aludir al cuerpo, la sexualidad a la forma de vestir o a la edad.<\/p>\n<p>2.- Conductas no verbales con connotaci\u00f3n sexual o lasciva, tales como exhibici\u00f3n de genitales, masturbaci\u00f3n, actos que involucren contacto corporal, tocamientos, roces intencionales u opresi\u00f3n de genitales contra el cuerpo.<\/p>\n<p>3.- Invitaciones, insinuaciones, solicitudes o proporciones para actos lascivos o connotaci\u00f3n sexual.<\/p>\n<p>4.- Captaciones de im\u00e1genes, videos o cualquier registro audiovisual del cuerpo o de alguna parte de \u00e9l, con connotaci\u00f3n sexual o lasciva.<\/p>\n","protected":false},"excerpt":{"rendered":"<p>La regidora Carmen Mar\u00eda Palma dio a conocer que analizar\u00e1n la normativa por la que se castiga el acoso callejero para enriquecerla o hasta modificar algunos apartados<\/p>\n","protected":false},"author":9,"featured_media":0,"comment_status":"open","ping_status":"open","sticky":false,"template":"","format":"standard","meta":{"footnotes":""},"categories":[3],"tags":[15186,17251,27,8254,17252,11930],"yst_prominent_words":[],"class_list":["post-127197","post","type-post","status-publish","format-standard","hentry","category-puebla","tag-acoso-sexual-callejero","tag-comision-de-derechos-humanos-e-igualdad-de-genero","tag-hoyesnoticia","tag-hoyesnoticiaapp","tag-maria-palma-benitez","tag-modificacion-coremun"],"_links":{"self":[{"href":"https:\/\/sintesis.com.mx\/puebla\/wp-json\/wp\/v2\/posts\/127197"}],"collection":[{"href":"https:\/\/sintesis.com.mx\/puebla\/wp-json\/wp\/v2\/posts"}],"about":[{"href":"https:\/\/sintesis.com.mx\/puebla\/wp-json\/wp\/v2\/types\/post"}],"author":[{"embeddable":true,"href":"https:\/\/sintesis.com.mx\/puebla\/wp-json\/wp\/v2\/users\/9"}],"replies":[{"embeddable":true,"href":"https:\/\/sintesis.com.mx\/puebla\/wp-json\/wp\/v2\/comments?post=127197"}],"version-history":[{"count":0,"href":"https:\/\/sintesis.com.mx\/puebla\/wp-json\/wp\/v2\/posts\/127197\/revisions"}],"wp:attachment":[{"href":"https:\/\/sintesis.com.mx\/puebla\/wp-json\/wp\/v2\/media?parent=127197"}],"wp:term":[{"taxonomy":"category","embeddable":true,"href":"https:\/\/sintesis.com.mx\/puebla\/wp-json\/wp\/v2\/categories?post=127197"},{"taxonomy":"post_tag","embeddable":true,"href":"https:\/\/sintesis.com.mx\/puebla\/wp-json\/wp\/v2\/tags?post=127197"},{"taxonomy":"yst_prominent_words","embeddable":true,"href":"https:\/\/sintesis.com.mx\/puebla\/wp-json\/wp\/v2\/yst_prominent_words?post=127197"}],"curies":[{"name":"wp","href":"https:\/\/api.w.org\/{rel}","templated":true}]}}