{"id":128770,"date":"2018-10-30T16:56:17","date_gmt":"2018-10-30T22:56:17","guid":{"rendered":"http:\/\/sintesis.com.mx\/puebla\/?p=128770"},"modified":"2018-10-30T16:56:17","modified_gmt":"2018-10-30T22:56:17","slug":"video-anuncian-el-kamenike-fest-2018","status":"publish","type":"post","link":"https:\/\/sintesis.com.mx\/puebla\/2018\/10\/30\/video-anuncian-el-kamenike-fest-2018\/","title":{"rendered":"(VIDEO) Anuncian el Kamenike Fest 2018"},"content":{"rendered":"<blockquote class=\"twitter-tweet\" data-width=\"550\" data-dnt=\"true\">\n<p lang=\"es\" dir=\"ltr\"><a href=\"https:\/\/twitter.com\/hashtag\/Puebla?src=hash&amp;ref_src=twsrc%5Etfw\">#Puebla<\/a>\ud83d\ude4c\ud83c\udffc| Anuncian el <a href=\"https:\/\/twitter.com\/hashtag\/KamenikeFest?src=hash&amp;ref_src=twsrc%5Etfw\">#KamenikeFest<\/a> 2018, el pr\u00f3ximo 3 y 4 de noviembre d\u00f3nde habr\u00e1 m\u00e1s de 50 expositores, en Adagio <a href=\"https:\/\/twitter.com\/hashtag\/LomasDeAngel%C3%B3polis?src=hash&amp;ref_src=twsrc%5Etfw\">#LomasDeAngel\u00f3polis<\/a> \ud83d\udcf9<a href=\"https:\/\/twitter.com\/abel_cuba?ref_src=twsrc%5Etfw\">@abel_cuba<\/a> <a href=\"https:\/\/t.co\/U82picJHWr\">pic.twitter.com\/U82picJHWr<\/a><\/p>\n<p>&mdash; S\u00edntesis Puebla (@sintesisweb) <a href=\"https:\/\/twitter.com\/sintesisweb\/status\/1057349367303168000?ref_src=twsrc%5Etfw\">October 30, 2018<\/a><\/p><\/blockquote>\n<p><script async src=\"https:\/\/platform.twitter.com\/widgets.js\" charset=\"utf-8\"><\/script><\/p>\n<div><\/div>\n<div>\n<p>El pr\u00f3ximo 3 y 4 de noviembre se llevar\u00e1 a cabo la edici\u00f3n n\u00famero siete del Kamenike Fest 2018 d\u00f3nde habr\u00e1 m\u00e1s de 50 expositores, en Adagio Lomas de Angel\u00f3polis.<\/p>\n<p>El coordinador del evento, Enrique Sosa, inform\u00f3 que es un <a href=\"http:\/\/sintesis.com.mx\/puebla\">festival de bienestar<\/a> el cual lo que pretende es nutrir el lado espiritual, mental, social, f\u00edsico y econ\u00f3mico de las personas.<\/p>\n<p>Explic\u00f3 que durante esos d\u00edas habr\u00e1 pl\u00e1ticas con expertos en los temas sin costo alguno.<\/p>\n<p style=\"text-align: center;\">\u201c<em>Tambi\u00e9n tendremos espect\u00e1culos, \u00e1rea de bazar- boutique, food market, y bienestar con terapeutas para poder impulsar este tema de nutrir el bienestar en general<\/em>\u201d, subray\u00f3.<\/p>\n<p>Record\u00f3 que el evento ser\u00e1 el 3 y 4 de noviembre desde las 12 del d\u00eda hasta las 8 de la noche.<\/p>\n<p>Acentu\u00f3 que Kamenike surgi\u00f3 de la necesidad de integraci\u00f3n de uno mismo, \u201c<em>de conectarnos con uno mismo<\/em>\u201d, a trav\u00e9s de diferentes terapias.<\/p>\n<p style=\"text-align: center;\">\u201c<em>Es abierto al p\u00fablico no tiene costo para que las personas que gusten asistir lo puedan hacer sin problema. Van a pasarla muy bien. Habr\u00e1 art\u00edculos desde consumo local y muchas cosas m\u00e1s<\/em>\u201d, refiri\u00f3.<\/p>\n<p>Para mayor informaci\u00f3n sobre horarios y expositores se encuentra la p\u00e1gina <a href=\"http:\/\/www.kamenike.com\">www.kamenike.com<\/a><\/p>\n<\/div>\n","protected":false},"excerpt":{"rendered":"<p>El pr\u00f3ximo 3 y 4 de noviembre se llevar\u00e1 a cabo la edici\u00f3n n\u00famero siete del Kamenike Fest 2018 d\u00f3nde habr\u00e1 m\u00e1s de 50 expositores, en Adagio Lomas de Angel\u00f3polis.<\/p>\n","protected":false},"author":26,"featured_media":0,"comment_status":"open","ping_status":"open","sticky":false,"template":"","format":"standard","meta":{"footnotes":""},"categories":[3],"tags":[2205,27,18],"yst_prominent_words":[],"class_list":["post-128770","post","type-post","status-publish","format-standard","hentry","category-puebla","tag-festival","tag-hoyesnoticia","tag-puebla"],"_links":{"self":[{"href":"https:\/\/sintesis.com.mx\/puebla\/wp-json\/wp\/v2\/posts\/128770"}],"collection":[{"href":"https:\/\/sintesis.com.mx\/puebla\/wp-json\/wp\/v2\/posts"}],"about":[{"href":"https:\/\/sintesis.com.mx\/puebla\/wp-json\/wp\/v2\/types\/post"}],"author":[{"embeddable":true,"href":"https:\/\/sintesis.com.mx\/puebla\/wp-json\/wp\/v2\/users\/26"}],"replies":[{"embeddable":true,"href":"https:\/\/sintesis.com.mx\/puebla\/wp-json\/wp\/v2\/comments?post=128770"}],"version-history":[{"count":0,"href":"https:\/\/sintesis.com.mx\/puebla\/wp-json\/wp\/v2\/posts\/128770\/revisions"}],"wp:attachment":[{"href":"https:\/\/sintesis.com.mx\/puebla\/wp-json\/wp\/v2\/media?parent=128770"}],"wp:term":[{"taxonomy":"category","embeddable":true,"href":"https:\/\/sintesis.com.mx\/puebla\/wp-json\/wp\/v2\/categories?post=128770"},{"taxonomy":"post_tag","embeddable":true,"href":"https:\/\/sintesis.com.mx\/puebla\/wp-json\/wp\/v2\/tags?post=128770"},{"taxonomy":"yst_prominent_words","embeddable":true,"href":"https:\/\/sintesis.com.mx\/puebla\/wp-json\/wp\/v2\/yst_prominent_words?post=128770"}],"curies":[{"name":"wp","href":"https:\/\/api.w.org\/{rel}","templated":true}]}}