{"id":133252,"date":"2018-11-26T17:57:49","date_gmt":"2018-11-26T23:57:49","guid":{"rendered":"http:\/\/sintesis.com.mx\/puebla\/?p=133252"},"modified":"2018-11-26T17:57:49","modified_gmt":"2018-11-26T23:57:49","slug":"localizan-cadaver-huixcolotla","status":"publish","type":"post","link":"https:\/\/sintesis.com.mx\/puebla\/2018\/11\/26\/localizan-cadaver-huixcolotla\/","title":{"rendered":"Localizan cad\u00e1ver con huellas de violencia en Huixcolotla"},"content":{"rendered":"<p>El cad\u00e1ver de un hombre con los brazos mutilados y amordazado fue localizado en el dren de Valsequillo, a la altura del municipio de <strong>San Salvador Huixcolotla<\/strong>, la ma\u00f1ana de este lunes.<\/p>\n<p>Personas que transitaban por la zona se percataron de la presencia del cuerpo y dieron aviso inmediato a las autoridades, llegando elementos de la <strong>Polic\u00eda Municipal<\/strong> y de la Agencia Estatal de Investigaci\u00f3n.<\/p>\n<p>En el <strong>canal de agua<\/strong> estaba el cuerpo de un hombre, de 40 a\u00f1os de edad, aproximadamente, sin brazos, amordazado y con una cuerda enredada al cuerpo, vistiendo \u00fanicamente pantal\u00f3n de mezclilla.<\/p>\n<p>Tras las diligencias del levantamiento de cad\u00e1ver, se realiz\u00f3 el traslado al anfiteatro de la regi\u00f3n para determina el tiempo y causa de muerte, <strong>en espera de que sea identificado<\/strong>.<\/p>\n","protected":false},"excerpt":{"rendered":"<p>El cad\u00e1ver de un hombre con los brazos mutilados y amordazado fue localizado en el dren de Valsequillo, a la altura del municipio de San Salvador Huixcolotla<\/p>\n","protected":false},"author":26,"featured_media":0,"comment_status":"open","ping_status":"open","sticky":false,"template":"","format":"standard","meta":{"footnotes":""},"categories":[1285,3],"tags":[18359,1686,27,8254,7499,1286,18,4496],"yst_prominent_words":[],"class_list":["post-133252","post","type-post","status-publish","format-standard","hentry","category-justicia","category-puebla","tag-brazos-mutilados","tag-cadaver","tag-hoyesnoticia","tag-hoyesnoticiaapp","tag-huellas-de-violencia","tag-justicia","tag-puebla","tag-san-salvador-huixcolotla"],"_links":{"self":[{"href":"https:\/\/sintesis.com.mx\/puebla\/wp-json\/wp\/v2\/posts\/133252"}],"collection":[{"href":"https:\/\/sintesis.com.mx\/puebla\/wp-json\/wp\/v2\/posts"}],"about":[{"href":"https:\/\/sintesis.com.mx\/puebla\/wp-json\/wp\/v2\/types\/post"}],"author":[{"embeddable":true,"href":"https:\/\/sintesis.com.mx\/puebla\/wp-json\/wp\/v2\/users\/26"}],"replies":[{"embeddable":true,"href":"https:\/\/sintesis.com.mx\/puebla\/wp-json\/wp\/v2\/comments?post=133252"}],"version-history":[{"count":0,"href":"https:\/\/sintesis.com.mx\/puebla\/wp-json\/wp\/v2\/posts\/133252\/revisions"}],"wp:attachment":[{"href":"https:\/\/sintesis.com.mx\/puebla\/wp-json\/wp\/v2\/media?parent=133252"}],"wp:term":[{"taxonomy":"category","embeddable":true,"href":"https:\/\/sintesis.com.mx\/puebla\/wp-json\/wp\/v2\/categories?post=133252"},{"taxonomy":"post_tag","embeddable":true,"href":"https:\/\/sintesis.com.mx\/puebla\/wp-json\/wp\/v2\/tags?post=133252"},{"taxonomy":"yst_prominent_words","embeddable":true,"href":"https:\/\/sintesis.com.mx\/puebla\/wp-json\/wp\/v2\/yst_prominent_words?post=133252"}],"curies":[{"name":"wp","href":"https:\/\/api.w.org\/{rel}","templated":true}]}}