{"id":138160,"date":"2019-01-02T10:56:18","date_gmt":"2019-01-02T16:56:18","guid":{"rendered":"http:\/\/sintesis.com.mx\/puebla\/?p=138160"},"modified":"2019-01-02T10:56:18","modified_gmt":"2019-01-02T16:56:18","slug":"causas-accidente-martha-erika-rmv","status":"publish","type":"post","link":"https:\/\/sintesis.com.mx\/puebla\/2019\/01\/02\/causas-accidente-martha-erika-rmv\/","title":{"rendered":"Revelar\u00e1 AMLO causas del accidente de Martha \u00c9rika y RMV"},"content":{"rendered":"<p>Ciudad de M\u00e9xico.- Sin hacer menci\u00f3n de los pol\u00edticos poblanos, en su habitual conferencia de prensa matutina, el presidente de M\u00e9xico, <strong>Andr\u00e9s Manuel L\u00f3pez Obrador<\/strong>, anunci\u00f3 que ma\u00f1ana <strong>jueves de 3 de enero<\/strong>\u00a0dar\u00e1 a conocer los avances de las investigaciones sobre las causas que originaron el accidente a\u00e9reo donde perdieron la vida la gobernadora de Puebla, <strong>Martha \u00c9rika Alonso Hidalgo<\/strong> y el senador del <strong>Partido Acci\u00f3n Nacional<\/strong> (PAN), <strong>Rafael Moreno Valle<\/strong> el pasado 24 de diciembre.<\/p>\n<p>El primer mandatario resalt\u00f3 que en las indagatorias participan peritos de <strong>Canad\u00e1<\/strong>, <strong>Estados Unidos<\/strong> y <strong>Europa<\/strong>.<\/p>\n<p>\u201c<em>Ma\u00f1ana les vamos a informar sobre el avance de la investigaci\u00f3n de las causas que originaron la ca\u00edda del helic\u00f3ptero donde perdieron la vida 5 personas, seres humanos<\/em>\u201d, dijo.<\/p>\n<p>En pasadas intervenciones, el titular del ejecutivo federal se dijo comprometido que su administraci\u00f3n llevar\u00e1 a cabo una investigaci\u00f3n a fondo y \u00abno ocultar absolutamente nada\u00bb sobre las causas de la tragedia.<\/p>\n<p>\u201c<em>Hay de parte del gobierno el compromiso y la disposici\u00f3n\u00a0 de que se conozca toda la verdad, no vamos a ocultar absolutamente nada. Tenemos que saber qu\u00e9 fue lo que origin\u00f3 este accidente, esta tragedia<\/em>\u00ab, coment\u00f3.<\/p>\n<p>Asegur\u00f3 que van a presentar en su momento toda la informaci\u00f3n.<\/p>\n<p>\u201c<em>No se va a ocultar absolutamente nada<\/em>\u201d, a\u00f1adi\u00f3.<\/p>\n","protected":false},"excerpt":{"rendered":"<p>El mandatario nacional se comprometi\u00f3 a llevar a cabo una investigaci\u00f3n a fondo sobre las causas del accidente que cost\u00f3 la vida a la gobernadora de Puebla y el senador del PAN<\/p>\n","protected":false},"author":26,"featured_media":0,"comment_status":"open","ping_status":"open","sticky":false,"template":"","format":"standard","meta":{"footnotes":""},"categories":[3],"tags":[19125,19068,1179,18727,1502,530,23,8253],"yst_prominent_words":[],"class_list":["post-138160","post","type-post","status-publish","format-standard","hentry","category-puebla","tag-accidente-de-helicoptero","tag-accidente-martha-erika-alonso-hidalgo","tag-andres-manuel-lopez-obrador","tag-gobierno-de-mexico","tag-gobierno-de-puebla","tag-rafael-moreno-valle","tag-slide","tag-slideapp"],"_links":{"self":[{"href":"https:\/\/sintesis.com.mx\/puebla\/wp-json\/wp\/v2\/posts\/138160"}],"collection":[{"href":"https:\/\/sintesis.com.mx\/puebla\/wp-json\/wp\/v2\/posts"}],"about":[{"href":"https:\/\/sintesis.com.mx\/puebla\/wp-json\/wp\/v2\/types\/post"}],"author":[{"embeddable":true,"href":"https:\/\/sintesis.com.mx\/puebla\/wp-json\/wp\/v2\/users\/26"}],"replies":[{"embeddable":true,"href":"https:\/\/sintesis.com.mx\/puebla\/wp-json\/wp\/v2\/comments?post=138160"}],"version-history":[{"count":0,"href":"https:\/\/sintesis.com.mx\/puebla\/wp-json\/wp\/v2\/posts\/138160\/revisions"}],"wp:attachment":[{"href":"https:\/\/sintesis.com.mx\/puebla\/wp-json\/wp\/v2\/media?parent=138160"}],"wp:term":[{"taxonomy":"category","embeddable":true,"href":"https:\/\/sintesis.com.mx\/puebla\/wp-json\/wp\/v2\/categories?post=138160"},{"taxonomy":"post_tag","embeddable":true,"href":"https:\/\/sintesis.com.mx\/puebla\/wp-json\/wp\/v2\/tags?post=138160"},{"taxonomy":"yst_prominent_words","embeddable":true,"href":"https:\/\/sintesis.com.mx\/puebla\/wp-json\/wp\/v2\/yst_prominent_words?post=138160"}],"curies":[{"name":"wp","href":"https:\/\/api.w.org\/{rel}","templated":true}]}}