{"id":138310,"date":"2019-01-03T15:02:55","date_gmt":"2019-01-03T21:02:55","guid":{"rendered":"http:\/\/sintesis.com.mx\/puebla\/?p=138310"},"modified":"2019-01-03T15:02:55","modified_gmt":"2019-01-03T21:02:55","slug":"no-embargos-morosos-predial","status":"publish","type":"post","link":"https:\/\/sintesis.com.mx\/puebla\/2019\/01\/03\/no-embargos-morosos-predial\/","title":{"rendered":"[Video] No habr\u00e1 embargos a morosos del predial"},"content":{"rendered":"<blockquote class=\"twitter-tweet\" data-width=\"550\" data-dnt=\"true\">\n<p lang=\"es\" dir=\"ltr\"><a href=\"https:\/\/twitter.com\/hashtag\/Puebla?src=hash&amp;ref_src=twsrc%5Etfw\">#Puebla<\/a>\ud83d\udde3\ufe0f| El Ayuntamiento capitalino descarta embargos para los morosos del predial; analizan establecer convenios para pagar en mensualidades.<br \/>V\u00eda: <a href=\"https:\/\/twitter.com\/lizcervantess?ref_src=twsrc%5Etfw\">@lizcervantess<\/a> <a href=\"https:\/\/t.co\/zpyPYNpoHk\">pic.twitter.com\/zpyPYNpoHk<\/a><\/p>\n<p>&mdash; S\u00edntesis Puebla (@sintesisweb) <a href=\"https:\/\/twitter.com\/sintesisweb\/status\/1080880771974529024?ref_src=twsrc%5Etfw\">January 3, 2019<\/a><\/p><\/blockquote>\n<p><script async src=\"https:\/\/platform.twitter.com\/widgets.js\" charset=\"utf-8\"><\/script><\/p>\n<p>El <strong>Ayuntamiento de Puebla<\/strong> descart\u00f3 aplicar procedimientos de embargos para los poblanos que no paguen el impuesto predial, ya que el objetivo de la administraci\u00f3n municipal es apoyar la econom\u00eda familiar, inform\u00f3 el tesorero <strong>Armando Morales.<\/strong><\/p>\n<p>En entrevista, detall\u00f3 que al cierre de 2017, un total de 126 mil cuentas realiz\u00f3 sus pagos a las arcas del municipio de un total de 420 mil, aunque todav\u00eda tienen como fecha l\u00edmite al 28 de febrero para participar en el sorteo predial.<\/p>\n<p>El funcionario mencion\u00f3 que lo anterior representa 16 millones de pesos, monto similar al que se\u00a0 manejaba en otros a\u00f1os.<\/p>\n<p>Armando Morales confi\u00f3 en que en estos meses de enero y febrero haya un repunte en las contribuciones, ya que as\u00ed ha sido la tendencia en los \u00faltimos a\u00f1os.<\/p>\n<p><strong><em>\u201cSe cumpli\u00f3 la expectativa de recaudaci\u00f3n. No baj\u00f3 ni subi\u00f3 con el programa, es lo que cada a\u00f1o se tiene y ahora, las personas que faltaron lo har\u00e1n en los siguientes dos meses, pues es tradicional que lo hagan en enero y febrero\u201d.<\/em><\/strong><\/p>\n<p>Respondi\u00f3 que no contemplan recurrir a los embargos, por el contrario, buscan incentivar y apoyar la econom\u00eda familiar.<\/p>\n<p><strong><em>\u201cNo, al contrario, vamos a buscar un esquema, programas para que se regularice. No tenemos que castigar la econom\u00eda familiar. La presidenta ha buscado siempre apoyar a los poblanos\u201d.<\/em><\/strong><\/p>\n<p>Adelant\u00f3 tambi\u00e9n que est\u00e1n analizando reactivar convenios para que los ciudadanos puedan ponerse al corriente bajo un esquema de c\u00f3modas mensualidades.<\/p>\n<p><strong>Detalles: <\/strong><\/p>\n<p>Existen 420 mil cuentas.<\/p>\n<p>126 mil ya pagaron.<\/p>\n<p>295 mil son morosos.<\/p>\n<p>En total se han recaudado 16 millones de pesos.<\/p>\n","protected":false},"excerpt":{"rendered":"<p>El Ayuntamiento de Puebla descart\u00f3 aplicar procedimientos de embargos para los poblanos que no paguen el impuesto predial<\/p>\n","protected":false},"author":9,"featured_media":0,"comment_status":"open","ping_status":"open","sticky":false,"template":"","format":"standard","meta":{"footnotes":""},"categories":[3],"tags":[15225,19183,27,2879,18,2214],"yst_prominent_words":[],"class_list":["post-138310","post","type-post","status-publish","format-standard","hentry","category-puebla","tag-15225","tag-armando-morales","tag-hoyesnoticia","tag-predial","tag-puebla","tag-tesoreria"],"_links":{"self":[{"href":"https:\/\/sintesis.com.mx\/puebla\/wp-json\/wp\/v2\/posts\/138310"}],"collection":[{"href":"https:\/\/sintesis.com.mx\/puebla\/wp-json\/wp\/v2\/posts"}],"about":[{"href":"https:\/\/sintesis.com.mx\/puebla\/wp-json\/wp\/v2\/types\/post"}],"author":[{"embeddable":true,"href":"https:\/\/sintesis.com.mx\/puebla\/wp-json\/wp\/v2\/users\/9"}],"replies":[{"embeddable":true,"href":"https:\/\/sintesis.com.mx\/puebla\/wp-json\/wp\/v2\/comments?post=138310"}],"version-history":[{"count":0,"href":"https:\/\/sintesis.com.mx\/puebla\/wp-json\/wp\/v2\/posts\/138310\/revisions"}],"wp:attachment":[{"href":"https:\/\/sintesis.com.mx\/puebla\/wp-json\/wp\/v2\/media?parent=138310"}],"wp:term":[{"taxonomy":"category","embeddable":true,"href":"https:\/\/sintesis.com.mx\/puebla\/wp-json\/wp\/v2\/categories?post=138310"},{"taxonomy":"post_tag","embeddable":true,"href":"https:\/\/sintesis.com.mx\/puebla\/wp-json\/wp\/v2\/tags?post=138310"},{"taxonomy":"yst_prominent_words","embeddable":true,"href":"https:\/\/sintesis.com.mx\/puebla\/wp-json\/wp\/v2\/yst_prominent_words?post=138310"}],"curies":[{"name":"wp","href":"https:\/\/api.w.org\/{rel}","templated":true}]}}