{"id":156942,"date":"2019-04-17T13:25:09","date_gmt":"2019-04-17T18:25:09","guid":{"rendered":"http:\/\/sintesis.com.mx\/puebla\/?p=156942"},"modified":"2019-04-17T13:25:09","modified_gmt":"2019-04-17T18:25:09","slug":"ctm-no-apoyara-jimenez-merino","status":"publish","type":"post","link":"https:\/\/sintesis.com.mx\/puebla\/2019\/04\/17\/ctm-no-apoyara-jimenez-merino\/","title":{"rendered":"CTM no apoyar\u00e1 a Jim\u00e9nez Merino"},"content":{"rendered":"<p>Aunque por a\u00f1os la <strong>Confederaci\u00f3n de Trabajadores de M\u00e9xico<\/strong> (CTM) respald\u00f3 al <strong>Partido Revolucionario Institucional<\/strong> (PRI) en Puebla, en la elecci\u00f3n de este a\u00f1o no apoyar\u00e1n al candidato a la gubernatura del tricolor <strong>Alberto Jim\u00e9nez Merino<\/strong>, debido a su cercan\u00eda con el exgobernador <strong>Mario Mar\u00edn Torres<\/strong>, quien es juzgado por sus v\u00ednculos con empresarios acusados de <strong>trata de personas<\/strong>.<\/p>\n<p>As\u00ed lo declar\u00f3 el l\u00edder de esta agrupaci\u00f3n, <strong>Leobardo Soto Mart\u00ednez<\/strong>, al se\u00f1alar que fue un error la aparici\u00f3n del candidato del <strong>PRI<\/strong> junto a Mar\u00edn en el arranque de su campa\u00f1a, lo que consider\u00f3 significar\u00e1 su derrota en las urnas el pr\u00f3ximo <strong>2 de junio<\/strong>.<\/p>\n<p>En conferencia de prensa para anunciar la marcha por el <strong>D\u00eda del Trabajo<\/strong>, la cual estar\u00e1 encabezada por el secretario general de Gobierno, <strong>Fernando Manzanilla Prieto<\/strong>, el l\u00edder de la CTM se\u00f1al\u00f3 que el renacer del tricolor podr\u00eda darse hasta la siguiente elecci\u00f3n.<\/p>\n<p>Al respecto, el exdiputado local por el <strong>PRI<\/strong> dijo que podr\u00eda buscar una \u201c<em>reconciliaci\u00f3n<\/em>\u201d con el ex <em>partidazo<\/em> si existen las condiciones necesarias.<\/p>\n<p>De manera particular, destac\u00f3 que hace tiempo dej\u00f3 de ejercerse el \u201c<em>voto corporativo<\/em>\u201d, ya que cada trabajador decide por qui\u00e9n votar.<\/p>\n<p>\u201c<em>Los sindicalizados toman sus propias decisiones, algunos ya se manifestaron a favor del candidato de <strong>Juntos Haremos Historia<\/strong>, <strong>Luis Miguel Barbosa Huerta<\/strong>, y tambi\u00e9n se han reunido con \u00e9l, pero hay otros que votar\u00e1n en otro sentido, y todos son libres de votar por qui\u00e9n decidan<\/em>\u201d, afirm\u00f3.<\/p>\n","protected":false},"excerpt":{"rendered":"<p>El l\u00edder de la CTM, Leobardo Soto, se\u00f1al\u00f3 como un error la aparici\u00f3n del candidato del PRI a la gubernatura junto a Mario Mar\u00edn en el arranque de su campa\u00f1a, lo que, dijo, significar\u00e1 su derrota el pr\u00f3ximo 2 de junio<\/p>\n","protected":false},"author":58,"featured_media":0,"comment_status":"open","ping_status":"open","sticky":false,"template":"","format":"standard","meta":{"footnotes":""},"categories":[3],"tags":[1034,170,21904,1832,11324,187,23,8253],"yst_prominent_words":[],"class_list":["post-156942","post","type-post","status-publish","format-standard","hentry","category-puebla","tag-alberto-jimenez-merino","tag-ctm","tag-eleccion-extraordinaria-2019-puebla","tag-leobardo-soto-martinez","tag-mario-marin-torres","tag-pri","tag-slide","tag-slideapp"],"_links":{"self":[{"href":"https:\/\/sintesis.com.mx\/puebla\/wp-json\/wp\/v2\/posts\/156942"}],"collection":[{"href":"https:\/\/sintesis.com.mx\/puebla\/wp-json\/wp\/v2\/posts"}],"about":[{"href":"https:\/\/sintesis.com.mx\/puebla\/wp-json\/wp\/v2\/types\/post"}],"author":[{"embeddable":true,"href":"https:\/\/sintesis.com.mx\/puebla\/wp-json\/wp\/v2\/users\/58"}],"replies":[{"embeddable":true,"href":"https:\/\/sintesis.com.mx\/puebla\/wp-json\/wp\/v2\/comments?post=156942"}],"version-history":[{"count":0,"href":"https:\/\/sintesis.com.mx\/puebla\/wp-json\/wp\/v2\/posts\/156942\/revisions"}],"wp:attachment":[{"href":"https:\/\/sintesis.com.mx\/puebla\/wp-json\/wp\/v2\/media?parent=156942"}],"wp:term":[{"taxonomy":"category","embeddable":true,"href":"https:\/\/sintesis.com.mx\/puebla\/wp-json\/wp\/v2\/categories?post=156942"},{"taxonomy":"post_tag","embeddable":true,"href":"https:\/\/sintesis.com.mx\/puebla\/wp-json\/wp\/v2\/tags?post=156942"},{"taxonomy":"yst_prominent_words","embeddable":true,"href":"https:\/\/sintesis.com.mx\/puebla\/wp-json\/wp\/v2\/yst_prominent_words?post=156942"}],"curies":[{"name":"wp","href":"https:\/\/api.w.org\/{rel}","templated":true}]}}