{"id":161368,"date":"2019-05-14T18:57:22","date_gmt":"2019-05-14T23:57:22","guid":{"rendered":"http:\/\/sintesis.com.mx\/puebla\/?p=161368"},"modified":"2019-05-14T18:57:22","modified_gmt":"2019-05-14T23:57:22","slug":"puebla-nacional-paraciclismo","status":"publish","type":"post","link":"https:\/\/sintesis.com.mx\/puebla\/2019\/05\/14\/puebla-nacional-paraciclismo\/","title":{"rendered":"Recibe Puebla este 26 de mayo el Nacional de Paraciclismo"},"content":{"rendered":"<p>Este 26 de mayo en el aut\u00f3dromo <a href=\"http:\/\/sintesis.com.mx\/puebla\/2019\/03\/02\/vibra-el-abed-con-track-day-2-0\/\" target=\"_blank\" rel=\"noopener\">Miguel E. Abed<\/a> de Amozoc se llevar\u00e1 a cabo la tercera etapa del <strong>Serial Nacional de Paraciclismo<\/strong>, evento que ser\u00e1 clasificatorio para la Paraolimpiada Nacional 2019.<\/p>\n<p>En este evento se contempla la <strong>participaci\u00f3n de 50 exponentes<\/strong> de ocho delegaciones \u00a0en las diferentes categor\u00edas, as\u00ed lo inform\u00f3 el presidente de la Asociaci\u00f3n de Par\u00e1lisis Cerebral, Juan Baltazares, quien destac\u00f3 que Puebla competir\u00e1 con un total de seis exponentes.<\/p>\n<p style=\"text-align: left;\"><em>\u201cLlevamos seis ciclistas y esperamos que desempe\u00f1en un buen papel, de ellos dos ya est\u00e1n <strong>considerados como preseleccionados,<\/strong> tal es el caso de Agust\u00edn Ayala y Fernando Jim\u00e9nez, ellos est\u00e1 semana fueron concentrados en el COM y estar\u00e1n en el serial. Aqu\u00ed se van tomando en cuenta los puntos conseguidos y coloca a los ciclistas en su clasificaci\u00f3n, es un ranqueo\u201d.<\/em><\/p>\n<p>Expres\u00f3 que Jalisco, Michoac\u00e1n y Nuevo Le\u00f3n son los rivales a vencer dentro de esta competencia que <strong>contar\u00e1 con las categor\u00edas<\/strong> de triciclos, bicicleta convencional, \u00a0as\u00ed como exponentes de sillas de ruedas en pruebas de 52, 40, 32 y 24 kil\u00f3metros.<\/p>\n<p>Agradeci\u00f3 el respaldo de las autoridades del <strong>aut\u00f3dromo Miguel E Abed<\/strong> para poder realizar esta competencia e invit\u00f3 a los poblanos a conocer un poco m\u00e1s de la actividad y respaldar a los exponentes poblanos, quienes desde las 8:00 horas entrar\u00e1n en actividad.<\/p>\n","protected":false},"excerpt":{"rendered":"<p>Este 26 de mayo en el aut\u00f3dromo Miguel E. Abed de Amozoc se llevar\u00e1 a cabo la tercera etapa del Serial Nacional de Paraciclismo, evento que ser\u00e1 clasificatorio para la Paraolimpiada Nacional 2019. En este evento se contempla la participaci\u00f3n de 50 exponentes de ocho delegaciones \u00a0en las diferentes categor\u00edas, as\u00ed lo inform\u00f3 el presidente [&hellip;]<\/p>\n","protected":false},"author":6,"featured_media":0,"comment_status":"open","ping_status":"open","sticky":false,"template":"","format":"standard","meta":{"footnotes":""},"categories":[4],"tags":[29,23737,14540,23760,18,23736],"yst_prominent_words":[],"class_list":["post-161368","post","type-post","status-publish","format-standard","hentry","category-deportes","tag-deportes","tag-juan-baltazarez","tag-paralisis-cerebral","tag-paraolimpiada-nacional-2019","tag-puebla","tag-serial-nacional-de-paraciclismo"],"_links":{"self":[{"href":"https:\/\/sintesis.com.mx\/puebla\/wp-json\/wp\/v2\/posts\/161368"}],"collection":[{"href":"https:\/\/sintesis.com.mx\/puebla\/wp-json\/wp\/v2\/posts"}],"about":[{"href":"https:\/\/sintesis.com.mx\/puebla\/wp-json\/wp\/v2\/types\/post"}],"author":[{"embeddable":true,"href":"https:\/\/sintesis.com.mx\/puebla\/wp-json\/wp\/v2\/users\/6"}],"replies":[{"embeddable":true,"href":"https:\/\/sintesis.com.mx\/puebla\/wp-json\/wp\/v2\/comments?post=161368"}],"version-history":[{"count":0,"href":"https:\/\/sintesis.com.mx\/puebla\/wp-json\/wp\/v2\/posts\/161368\/revisions"}],"wp:attachment":[{"href":"https:\/\/sintesis.com.mx\/puebla\/wp-json\/wp\/v2\/media?parent=161368"}],"wp:term":[{"taxonomy":"category","embeddable":true,"href":"https:\/\/sintesis.com.mx\/puebla\/wp-json\/wp\/v2\/categories?post=161368"},{"taxonomy":"post_tag","embeddable":true,"href":"https:\/\/sintesis.com.mx\/puebla\/wp-json\/wp\/v2\/tags?post=161368"},{"taxonomy":"yst_prominent_words","embeddable":true,"href":"https:\/\/sintesis.com.mx\/puebla\/wp-json\/wp\/v2\/yst_prominent_words?post=161368"}],"curies":[{"name":"wp","href":"https:\/\/api.w.org\/{rel}","templated":true}]}}