{"id":161950,"date":"2019-05-17T15:27:30","date_gmt":"2019-05-17T20:27:30","guid":{"rendered":"http:\/\/sintesis.com.mx\/puebla\/?p=161950"},"modified":"2019-05-17T15:27:30","modified_gmt":"2019-05-17T20:27:30","slug":"cae-asesino-joven-arturo-castagne","status":"publish","type":"post","link":"https:\/\/sintesis.com.mx\/puebla\/2019\/05\/17\/cae-asesino-joven-arturo-castagne\/","title":{"rendered":"Detienen al asesino del joven Arturo Castagn\u00e9"},"content":{"rendered":"<p class=\"p2\"><span class=\"s1\">El empresario <strong>Arturo Castagn\u00e9<\/strong> inform\u00f3 a trav\u00e9s de su cuenta de Twitter que la <strong>Fiscal\u00eda General del Estado<\/strong> (FGE) detuvo al asesino de su hijo Arturo, ocurrido en agosto de <\/span><span class=\"s2\">2018 afuera del hotel <strong>Camino Real\u00a0<\/strong><\/span><span class=\"s1\"><strong>La Vista<\/strong>.<\/span><\/p>\n<p class=\"p2\"><span class=\"s1\">\u00ab<em>Acabo de ser notificado por la Fiscal\u00eda General del Estado de Puebla en voz del fiscal general Dr <strong>Gilberto Higuera Bernal<\/strong> que el asesino de mi hijo Arturo ya fue detenido, para el Dr Higuera y todo su excelente equipo de colaboradores todo mi reconocimiento y gratitud<\/em>\u00ab, dijo.<\/span><\/p>\n<p class=\"p2\"><span class=\"s1\">Tambi\u00e9n agradeci\u00f3 a su \u00ab<em>familia de Twitter<\/em>\u00bb el apoyo, solidaridad, cari\u00f1o y bendiciones \u00ab<em>les abrazo con el alma y mi coraz\u00f3n<\/em>\u00ab.<\/span><\/p>\n<p class=\"p2\"><span class=\"s1\">Fue la madrugada del 5 de agosto de 2018 cuando Arturo fue asesinado por un hombre que le dispar\u00f3 para apoderarse de su reloj estando en las escalinatas del hotel Camino Real La Vista, sobre la <strong>V\u00eda Atlixc\u00e1yotl<\/strong>.<\/span><\/p>\n<p class=\"p2\"><span class=\"s1\">El 28 del mismo mes, en la <strong>Ciudad de M\u00e9xico<\/strong> fue detenido, mediante orden de aprehensi\u00f3n, <strong>Luis Javier<\/strong> \u00abN\u00bb, quien presuntamente particip\u00f3 en el <strong>homicidio<\/strong> conduciendo un Volkswagen Vento de color gris del servicio Uber.<\/span><\/p>\n<p class=\"p2\"><span class=\"s1\">La autoridad ministerial en ese momento inform\u00f3 que fue en la <strong>plaza comercial Angel\u00f3polis<\/strong> donde \u00abeligieron\u00bb al estudiante para despojarlo de la prenda de valor y estando en el hotel consumaron el robo para despu\u00e9s huir.<\/span><\/p>\n","protected":false},"excerpt":{"rendered":"<p>El empresario Arturo Castagn\u00e9 inform\u00f3 a trav\u00e9s de su cuenta de Twitter que la Fiscal\u00eda detuvo al asesino de su hijo Arturo, ocurrido en agosto de 2018 afuera del hotel Camino Real\u00a0La Vista<\/p>\n","protected":false},"author":26,"featured_media":0,"comment_status":"open","ping_status":"open","sticky":false,"template":"","format":"standard","meta":{"footnotes":""},"categories":[1285,3],"tags":[23901,23902,23903,18,23,8253,475],"yst_prominent_words":[],"class_list":["post-161950","post","type-post","status-publish","format-standard","hentry","category-justicia","category-puebla","tag-arturo-castagne","tag-detencion-homicida","tag-hotel-camino-real-la-vista","tag-puebla","tag-slide","tag-slideapp","tag-via-atlixcayotl"],"_links":{"self":[{"href":"https:\/\/sintesis.com.mx\/puebla\/wp-json\/wp\/v2\/posts\/161950"}],"collection":[{"href":"https:\/\/sintesis.com.mx\/puebla\/wp-json\/wp\/v2\/posts"}],"about":[{"href":"https:\/\/sintesis.com.mx\/puebla\/wp-json\/wp\/v2\/types\/post"}],"author":[{"embeddable":true,"href":"https:\/\/sintesis.com.mx\/puebla\/wp-json\/wp\/v2\/users\/26"}],"replies":[{"embeddable":true,"href":"https:\/\/sintesis.com.mx\/puebla\/wp-json\/wp\/v2\/comments?post=161950"}],"version-history":[{"count":0,"href":"https:\/\/sintesis.com.mx\/puebla\/wp-json\/wp\/v2\/posts\/161950\/revisions"}],"wp:attachment":[{"href":"https:\/\/sintesis.com.mx\/puebla\/wp-json\/wp\/v2\/media?parent=161950"}],"wp:term":[{"taxonomy":"category","embeddable":true,"href":"https:\/\/sintesis.com.mx\/puebla\/wp-json\/wp\/v2\/categories?post=161950"},{"taxonomy":"post_tag","embeddable":true,"href":"https:\/\/sintesis.com.mx\/puebla\/wp-json\/wp\/v2\/tags?post=161950"},{"taxonomy":"yst_prominent_words","embeddable":true,"href":"https:\/\/sintesis.com.mx\/puebla\/wp-json\/wp\/v2\/yst_prominent_words?post=161950"}],"curies":[{"name":"wp","href":"https:\/\/api.w.org\/{rel}","templated":true}]}}