{"id":162325,"date":"2019-05-20T16:07:25","date_gmt":"2019-05-20T21:07:25","guid":{"rendered":"http:\/\/sintesis.com.mx\/puebla\/?p=162325"},"modified":"2019-05-20T16:07:25","modified_gmt":"2019-05-20T21:07:25","slug":"29-mdp-gastado-cardenas-pan","status":"publish","type":"post","link":"https:\/\/sintesis.com.mx\/puebla\/2019\/05\/20\/29-mdp-gastado-cardenas-pan\/","title":{"rendered":"(VIDEO) Cerca de 29 mdp ha gastado C\u00e1rdenas en campa\u00f1a: PAN"},"content":{"rendered":"<p><span data-contrast=\"auto\">Aproximadamente <strong>29 millones de pesos<\/strong>\u00a0se han invertido en la campa\u00f1a del candidato del <strong>PAN, PRD y Movimiento Ciudadano<\/strong>, <strong>Enrique C\u00e1rdenas S\u00e1nchez<\/strong>, de acuerdo con el\u00a0<\/span><span data-contrast=\"auto\">representante\u00a0<\/span><span data-contrast=\"auto\">del <strong>Partido Acci\u00f3n Nacional<\/strong>\u00a0(PAN)\u00a0<\/span><span data-contrast=\"auto\">ante el <strong>Instituto Nacional Electoral<\/strong> (INE), <strong>Luis Olmos<\/strong><\/span><span data-contrast=\"auto\">.<\/span><\/p>\n<blockquote class=\"twitter-tweet\" data-width=\"550\" data-dnt=\"true\">\n<p lang=\"es\" dir=\"ltr\"><a href=\"https:\/\/twitter.com\/hashtag\/Elecciones2019?src=hash&amp;ref_src=twsrc%5Etfw\">#Elecciones2019<\/a> \ud83d\uddf3\ufe0f| A la fecha, el candidato <a href=\"https:\/\/twitter.com\/ECardenasPuebla?ref_src=twsrc%5Etfw\">@ECardenasPuebla<\/a>, ha gastado 29 mdp en su campa\u00f1a, informa Luis Olmos, representante del PAN ante el INE. \ud83d\udcf9: <a href=\"https:\/\/twitter.com\/abel_cuba?ref_src=twsrc%5Etfw\">@abel_cuba<\/a> <a href=\"https:\/\/t.co\/UsctatUN6M\">pic.twitter.com\/UsctatUN6M<\/a><\/p>\n<p>&mdash; S\u00edntesis Puebla (@sintesisweb) <a href=\"https:\/\/twitter.com\/sintesisweb\/status\/1130493942385004544?ref_src=twsrc%5Etfw\">May 20, 2019<\/a><\/p><\/blockquote>\n<p><script async src=\"https:\/\/platform.twitter.com\/widgets.js\" charset=\"utf-8\"><\/script><\/p>\n<p><span data-contrast=\"auto\">En rueda de prensa, explic\u00f3 que, de dicha cantidad, alrededor de <strong>18\u00a0<\/strong><\/span><strong>mdp<\/strong><span data-contrast=\"auto\">\u00a0ha gastado de manera particular <strong>Acci\u00f3n Nacional<\/strong>.<\/span><\/p>\n<p><span data-contrast=\"auto\">El pol\u00edtico asegur\u00f3\u00a0<\/span><span data-contrast=\"auto\">que todos los gastos de dicha fuerza pol\u00edtica la han reportado de manera oportuna ante la junta local del <strong>Instituto Nacional Electoral<\/strong> (INE<\/span><span data-contrast=\"auto\">).<\/span><\/p>\n<p><span data-contrast=\"auto\">\u201c<\/span><span data-contrast=\"auto\"><em>Los gastos al 17 de mayo, de los tres partidos<\/em> (PAN, PRD y MC) <em>suman 29 millones de pesos, y los gastos de Acci\u00f3n Nacional ha sido poco m\u00e1s de 18 millones de pesos<\/em><\/span><span data-contrast=\"auto\">\u201d, explic\u00f3.<\/span><\/p>\n<p><span data-contrast=\"auto\">Luis Olmos abord\u00f3 que los gastos se especifican en propaganda en v\u00eda p\u00fablica, en eventos y dem\u00e1s.<\/span><\/p>\n<p><span data-contrast=\"auto\">En tanto, C\u00e1rdenas S\u00e1nchez descalific\u00f3 a sus oponentes al decirle que no ha visitado el estado, y matiz\u00f3\u00a0<\/span><span data-contrast=\"auto\">que,<\/span><span data-contrast=\"auto\">\u00a0a la fecha, lleva alrededor de <strong>100 municipios de la entidad<\/strong>, aunque reconoci\u00f3 que se ha concentrado en las demarcaciones centrales de la entidad.<\/span><\/p>\n<p><span data-contrast=\"auto\">\u201c<em>Ayer Barbosa en el debate dijo que yo estaba de flojo, que no hab\u00eda hecho campa\u00f1a, y yo les dir\u00eda, claro que he estado recorriendo much\u00edsimos municipios, unos 100, incluyendo Puebla y sus juntas auxiliares, ese no es el tema; sino qu\u00e9 tipo de propuestas das<\/em>\u201d, asegur\u00f3.<\/span><\/p>\n","protected":false},"excerpt":{"rendered":"<p>El\u00a0representante\u00a0del PAN\u00a0ante el INE, Luis Olmos, detall\u00f3 que del total, 18 millones de pesos ha gastado el blanquiazul; C\u00e1rdenas dijo que ha recorrido 100 municipios de la entidad<\/p>\n","protected":false},"author":26,"featured_media":0,"comment_status":"open","ping_status":"open","sticky":false,"template":"","format":"standard","meta":{"footnotes":""},"categories":[3],"tags":[21904,5422,24014,6276,18,23,8253],"yst_prominent_words":[],"class_list":["post-162325","post","type-post","status-publish","format-standard","hentry","category-puebla","tag-eleccion-extraordinaria-2019-puebla","tag-enrique-cardenas-sanchez","tag-luis-olmos","tag-pan-puebla","tag-puebla","tag-slide","tag-slideapp"],"_links":{"self":[{"href":"https:\/\/sintesis.com.mx\/puebla\/wp-json\/wp\/v2\/posts\/162325"}],"collection":[{"href":"https:\/\/sintesis.com.mx\/puebla\/wp-json\/wp\/v2\/posts"}],"about":[{"href":"https:\/\/sintesis.com.mx\/puebla\/wp-json\/wp\/v2\/types\/post"}],"author":[{"embeddable":true,"href":"https:\/\/sintesis.com.mx\/puebla\/wp-json\/wp\/v2\/users\/26"}],"replies":[{"embeddable":true,"href":"https:\/\/sintesis.com.mx\/puebla\/wp-json\/wp\/v2\/comments?post=162325"}],"version-history":[{"count":0,"href":"https:\/\/sintesis.com.mx\/puebla\/wp-json\/wp\/v2\/posts\/162325\/revisions"}],"wp:attachment":[{"href":"https:\/\/sintesis.com.mx\/puebla\/wp-json\/wp\/v2\/media?parent=162325"}],"wp:term":[{"taxonomy":"category","embeddable":true,"href":"https:\/\/sintesis.com.mx\/puebla\/wp-json\/wp\/v2\/categories?post=162325"},{"taxonomy":"post_tag","embeddable":true,"href":"https:\/\/sintesis.com.mx\/puebla\/wp-json\/wp\/v2\/tags?post=162325"},{"taxonomy":"yst_prominent_words","embeddable":true,"href":"https:\/\/sintesis.com.mx\/puebla\/wp-json\/wp\/v2\/yst_prominent_words?post=162325"}],"curies":[{"name":"wp","href":"https:\/\/api.w.org\/{rel}","templated":true}]}}