{"id":164477,"date":"2019-06-02T13:10:11","date_gmt":"2019-06-02T18:10:11","guid":{"rendered":"http:\/\/sintesis.com.mx\/puebla\/?p=164477"},"modified":"2019-06-02T13:10:11","modified_gmt":"2019-06-02T18:10:11","slug":"puebla-bc-4t-2-junio-morena","status":"publish","type":"post","link":"https:\/\/sintesis.com.mx\/puebla\/2019\/06\/02\/puebla-bc-4t-2-junio-morena\/","title":{"rendered":"Puebla y BC se sumar\u00e1n a la 4T este 2 de junio, dice consejero de Morena"},"content":{"rendered":"<p>Ciudad de M\u00e9xico.- En plena jornada electoral, durante la <strong>Sesi\u00f3n Extraordinaria<\/strong> del <strong>Instituto Nacional Electoral<\/strong> (INE) para dar inicio a los comicios en 6 entidades de la Rep\u00fablica, el consejero del poder legislativo ante el \u00f3rgano electoral, el diputado federal del <strong>Partido Movimiento Regeneraci\u00f3n Nacional<\/strong> (Morena), <strong>Alejandro Viedma Vel\u00e1zquez<\/strong>, afirm\u00f3 que en <strong>Puebla<\/strong> y <strong>Baja California<\/strong> ganar\u00e1n la elecci\u00f3n y se sumar\u00e1n a la llamada \u00ab<strong>Cuarta Transformaci\u00f3n<\/strong>\u00bb de <strong>Andr\u00e9s Manuel L\u00f3pez Obrador<\/strong>.<\/p>\n<blockquote class=\"twitter-tweet\" data-width=\"550\" data-dnt=\"true\">\n<p lang=\"es\" dir=\"ltr\"><a href=\"https:\/\/twitter.com\/INEMexico?ref_src=twsrc%5Etfw\">@INEMexico<\/a> Pese a que apenas empieza la jornada electoral, el consejero del Poder Legislativo, Dip. Alejandro Viedma Vel\u00e1zquez (Morena), asegur\u00f3 que los estados de <a href=\"https:\/\/twitter.com\/hashtag\/Puebla?src=hash&amp;ref_src=twsrc%5Etfw\">#Puebla<\/a> y <a href=\"https:\/\/twitter.com\/hashtag\/BajaCalifornia?src=hash&amp;ref_src=twsrc%5Etfw\">#BajaCalifornia<\/a> se sumar\u00e1n a la <a href=\"https:\/\/twitter.com\/hashtag\/4T?src=hash&amp;ref_src=twsrc%5Etfw\">#4T<\/a> <a href=\"https:\/\/twitter.com\/sintesisweb?ref_src=twsrc%5Etfw\">@sintesisweb<\/a> <a href=\"https:\/\/t.co\/dLWuRVnwnx\">pic.twitter.com\/dLWuRVnwnx<\/a><\/p>\n<p>&mdash; Renan L\u00f3pez (@Renanw29) <a href=\"https:\/\/twitter.com\/Renanw29\/status\/1135193442370252800?ref_src=twsrc%5Etfw\">June 2, 2019<\/a><\/p><\/blockquote>\n<p><script async src=\"https:\/\/platform.twitter.com\/widgets.js\" charset=\"utf-8\"><\/script><\/p>\n<p>\u201c<em>Gracias a la jornada electoral del d\u00eda de hoy, 2 de junio, dos estados m\u00e1s se sumar\u00e1n a la Cuarta Transformaci\u00f3n de la vida p\u00fablica del pa\u00eds: Baja California y Puebla; y cuatro estados m\u00e1s se pondr\u00e1n en el camino para sumarse al mismo<\/em>\u201d, indic\u00f3.<\/p>\n<p>Viedma Vel\u00e1zquez asegur\u00f3 que los partidos de oposici\u00f3n en unas horas confirmar\u00e1n nuevamente que los resultados electorales \u201c<em>no les favorecer\u00e1n<\/em>\u201d.<\/p>\n<p>\u201c<em>Morena saldr\u00e1 victorioso en esta jornada electoral, resultado de una nueva forma de hacer pol\u00edtica y hacer campa\u00f1a, como nos hemos venido distinguiendo: casa por casa, tocando puertas, caminando las calles, caminando con la gente, siendo un partido cercano a la ciudadan\u00eda<\/em>\u201d, agreg\u00f3.<\/p>\n<p>Al hacer uso de la palabra en la sesi\u00f3n del <strong>INE<\/strong>, el consejero resalt\u00f3 destac\u00f3 que en la primera elecci\u00f3n de Andr\u00e9s Manuel L\u00f3pez Obrador, como titular del ejecutivo federal, \u201c<em>ya no vemos, ni veremos a servidores p\u00fablicos comprando la voluntad de la gente, ni mucho menos a secretarios de estado haciendo campa\u00f1a a favor del partido gobernante<\/em>\u201d.<\/p>\n<p>\u201c<em>Hoy se respeta desde el gobierno por primera vez los principios democr\u00e1ticos y el estado de derecho. Tenemos claro que el Pueblo, es quien decide quien gobierna, no un pu\u00f1ado de privilegiados como antes<\/em>\u201d, asegur\u00f3.<\/p>\n","protected":false},"excerpt":{"rendered":"<p>El consejero del Poder Legislativo de Morena ante el INE, Alejandro Viedma, asegur\u00f3 que los partidos de oposici\u00f3n confirmar\u00e1n en unas horas que los resultados electorales \u201cno les favorecer\u00e1n\u00bb<\/p>\n","protected":false},"author":26,"featured_media":0,"comment_status":"open","ping_status":"open","sticky":false,"template":"","format":"standard","meta":{"footnotes":""},"categories":[3],"tags":[24557,1179,24558,20213,7934,365,20580,18530,18],"yst_prominent_words":[],"class_list":["post-164477","post","type-post","status-publish","format-standard","hentry","category-puebla","tag-alejandro-viedma-velazquez","tag-andres-manuel-lopez-obrador","tag-cuarta-tranformacion","tag-eleccion-extraordinaria-puebla-2019","tag-gubernatura-puebla","tag-ine","tag-partido-morena","tag-populismo","tag-puebla"],"_links":{"self":[{"href":"https:\/\/sintesis.com.mx\/puebla\/wp-json\/wp\/v2\/posts\/164477"}],"collection":[{"href":"https:\/\/sintesis.com.mx\/puebla\/wp-json\/wp\/v2\/posts"}],"about":[{"href":"https:\/\/sintesis.com.mx\/puebla\/wp-json\/wp\/v2\/types\/post"}],"author":[{"embeddable":true,"href":"https:\/\/sintesis.com.mx\/puebla\/wp-json\/wp\/v2\/users\/26"}],"replies":[{"embeddable":true,"href":"https:\/\/sintesis.com.mx\/puebla\/wp-json\/wp\/v2\/comments?post=164477"}],"version-history":[{"count":0,"href":"https:\/\/sintesis.com.mx\/puebla\/wp-json\/wp\/v2\/posts\/164477\/revisions"}],"wp:attachment":[{"href":"https:\/\/sintesis.com.mx\/puebla\/wp-json\/wp\/v2\/media?parent=164477"}],"wp:term":[{"taxonomy":"category","embeddable":true,"href":"https:\/\/sintesis.com.mx\/puebla\/wp-json\/wp\/v2\/categories?post=164477"},{"taxonomy":"post_tag","embeddable":true,"href":"https:\/\/sintesis.com.mx\/puebla\/wp-json\/wp\/v2\/tags?post=164477"},{"taxonomy":"yst_prominent_words","embeddable":true,"href":"https:\/\/sintesis.com.mx\/puebla\/wp-json\/wp\/v2\/yst_prominent_words?post=164477"}],"curies":[{"name":"wp","href":"https:\/\/api.w.org\/{rel}","templated":true}]}}