{"id":165653,"date":"2019-06-08T15:11:42","date_gmt":"2019-06-08T20:11:42","guid":{"rendered":"http:\/\/sintesis.com.mx\/puebla\/?p=165653"},"modified":"2019-06-08T15:14:52","modified_gmt":"2019-06-08T20:14:52","slug":"amlo-visitara-puebla-confirma-rivera","status":"publish","type":"post","link":"https:\/\/sintesis.com.mx\/puebla\/2019\/06\/08\/amlo-visitara-puebla-confirma-rivera\/","title":{"rendered":"AMLO visitar\u00e1 Puebla, confirma Claudia Rivera"},"content":{"rendered":"<p style=\"font-weight: 400;\">En el encuentro de la <strong>Cumbre de Alcaldes<\/strong> que se desarrolla en <strong>Tijuana<\/strong>, <strong>Baja California<\/strong>, la alcaldesa de <strong>Puebla<\/strong>, <strong><a href=\"https:\/\/twitter.com\/RiveraVivanco_\" target=\"_blank\" rel=\"noopener\">Claudia<\/a> Rivera Vivanco<\/strong>, refrend\u00f3 su compromiso con el presidente de M\u00e9xico, <a href=\"http:\/\/sintesis.com.mx\/puebla\/?s=Andr%C3%A9s+Manuel+L%C3%B3pez+Obrador\" target=\"_blank\" rel=\"noopener\"><strong>Andr\u00e9s Manuel L\u00f3pez Obrador<\/strong><\/a>.<\/p>\n<blockquote class=\"twitter-tweet\" data-width=\"550\" data-dnt=\"true\">\n<p lang=\"es\" dir=\"ltr\">Esta tarde, en el marco de la <a href=\"https:\/\/twitter.com\/hashtag\/CumbreDeAlcaldes?src=hash&amp;ref_src=twsrc%5Etfw\">#CumbreDeAlcaldes<\/a>, convers\u00e9 con mi presidente <a href=\"https:\/\/twitter.com\/lopezobrador_?ref_src=twsrc%5Etfw\">@lopezobrador_<\/a> con quien refrend\u00e9 mi gran compromiso por seguir trabajando por la <a href=\"https:\/\/twitter.com\/hashtag\/4taTransformaci%C3%B3n?src=hash&amp;ref_src=twsrc%5Etfw\">#4taTransformaci\u00f3n<\/a>, por <a href=\"https:\/\/twitter.com\/hashtag\/Puebla?src=hash&amp;ref_src=twsrc%5Etfw\">#Puebla<\/a> y por mi pa\u00eds. Me reiter\u00f3 su confianza y respaldo, pronto estar\u00e1 por aqu\u00ed. <a href=\"https:\/\/t.co\/Q0iJObFCcz\">pic.twitter.com\/Q0iJObFCcz<\/a><\/p>\n<p>&mdash; Claudia Rivera Vivanco (@RiveraVivanco_) <a href=\"https:\/\/twitter.com\/RiveraVivanco_\/status\/1137179589745291265?ref_src=twsrc%5Etfw\">June 8, 2019<\/a><\/p><\/blockquote>\n<p><script async src=\"https:\/\/platform.twitter.com\/widgets.js\" charset=\"utf-8\"><\/script><\/p>\n<p style=\"font-weight: 400;\">\u201c<em>Esta tarde, en el marco de la <strong>#CumbreDeAlcaldes<\/strong>, convers\u00e9 con mi presidente @lopezobrador_ con quien refrend\u00e9 mi gran compromiso por seguir trabajando por la #4taTransformaci\u00f3n, por #Puebla y por mi pa\u00eds. Me reiter\u00f3 su confianza y respaldo, pronto estar\u00e1 por aqu\u00ed<\/em>\u201d, escribi\u00f3\u00a0Rivera en su cuenta de Twitter.<\/p>\n<p style=\"font-weight: 400;\">Adem\u00e1s del compromiso con la cuarta transformaci\u00f3n, la edil de Puebla inform\u00f3 que el presidente visitar\u00e1 la capital poblana; sin embargo, no revel\u00f3 la fecha exacta de su llegada.<\/p>\n<p style=\"font-weight: 400;\">Desde el viernes pasado, Claudia Rivera se encuentra en Tijuana para dicha Cumbre de Alcaldes, \u201c<em>para alinear nuestras estrategias de sustentabilidad y cuidado del agua, entre otros temas, la presidenta municipal @RiveraVivanco_ particip\u00f3 en la #CumbredeAlcaldes y junto a m\u00e1s de 100 alcaldes establecieron acuerdos en materia de seguridad, turismo y desarrollo municipal<\/em>\u201d, destac\u00f3 en Twitter.<\/p>\n","protected":false},"excerpt":{"rendered":"<p>En el marco del encuentro de la Cumbre de Alcaldes que se desarrolla en Tijuana, la alcaldesa de Puebla, Claudia Rivera, inform\u00f3 que el presidente de M\u00e9xico visitar\u00e1 la capital poblana, aunque no en qu\u00e9 fecha<\/p>\n","protected":false},"author":26,"featured_media":0,"comment_status":"open","ping_status":"open","sticky":false,"template":"","format":"standard","meta":{"footnotes":""},"categories":[3],"tags":[1179,995,10527,24867,18530,18,23,8253,3448],"yst_prominent_words":[],"class_list":["post-165653","post","type-post","status-publish","format-standard","hentry","category-puebla","tag-andres-manuel-lopez-obrador","tag-ayuntamiento-de-puebla","tag-claudia-rivera-vivanco","tag-cumbre-de-alcaldes","tag-populismo","tag-puebla","tag-slide","tag-slideapp","tag-tijuana"],"_links":{"self":[{"href":"https:\/\/sintesis.com.mx\/puebla\/wp-json\/wp\/v2\/posts\/165653"}],"collection":[{"href":"https:\/\/sintesis.com.mx\/puebla\/wp-json\/wp\/v2\/posts"}],"about":[{"href":"https:\/\/sintesis.com.mx\/puebla\/wp-json\/wp\/v2\/types\/post"}],"author":[{"embeddable":true,"href":"https:\/\/sintesis.com.mx\/puebla\/wp-json\/wp\/v2\/users\/26"}],"replies":[{"embeddable":true,"href":"https:\/\/sintesis.com.mx\/puebla\/wp-json\/wp\/v2\/comments?post=165653"}],"version-history":[{"count":0,"href":"https:\/\/sintesis.com.mx\/puebla\/wp-json\/wp\/v2\/posts\/165653\/revisions"}],"wp:attachment":[{"href":"https:\/\/sintesis.com.mx\/puebla\/wp-json\/wp\/v2\/media?parent=165653"}],"wp:term":[{"taxonomy":"category","embeddable":true,"href":"https:\/\/sintesis.com.mx\/puebla\/wp-json\/wp\/v2\/categories?post=165653"},{"taxonomy":"post_tag","embeddable":true,"href":"https:\/\/sintesis.com.mx\/puebla\/wp-json\/wp\/v2\/tags?post=165653"},{"taxonomy":"yst_prominent_words","embeddable":true,"href":"https:\/\/sintesis.com.mx\/puebla\/wp-json\/wp\/v2\/yst_prominent_words?post=165653"}],"curies":[{"name":"wp","href":"https:\/\/api.w.org\/{rel}","templated":true}]}}