{"id":165904,"date":"2019-06-10T13:06:27","date_gmt":"2019-06-10T18:06:27","guid":{"rendered":"http:\/\/sintesis.com.mx\/puebla\/?p=165904"},"modified":"2019-06-10T18:48:34","modified_gmt":"2019-06-10T23:48:34","slug":"expulsan-diputados-misoginia","status":"publish","type":"post","link":"https:\/\/sintesis.com.mx\/puebla\/2019\/06\/10\/expulsan-diputados-misoginia\/","title":{"rendered":"Expulsan a diputados que han actuado con misoginia en la Soberan\u00eda"},"content":{"rendered":"<p><strong>Por mayor\u00eda de votos<\/strong> de los diputados, aprobaron la propuesta de la Junta de Gobierno y Coordinaci\u00f3n Pol\u00edtica del Congreso local para quitar de las presidencias, secretarias y vocal\u00edas de las Comisiones y Comit\u00e9s a los diputados Jos\u00e9 Juan Espinosa Torres y H\u00e9ctor Alonso Granados por su mal comportamiento en su responsabilidad legislativa.<\/p>\n<p>En sesi\u00f3n ordinaria de este d\u00eda,<strong> hubo reacomodos<\/strong> en los \u00f3rganos de liberaci\u00f3n, a fin de neutralizar a los diputados que han actuado con misoginia en la Soberan\u00eda.<\/p>\n<p><strong>Entre las comisiones importantes<\/strong> destacan la Inspectora de la Auditor\u00eda Superior del Estado que presid\u00eda Jos\u00e9 Juan Espinosa, del PT; y su lugar lo tomar\u00e1 Carlos Morales \u00c1lvarez, de Movimiento Ciudadano.<\/p>\n<p>En la Comisi\u00f3n de Seguridad, H\u00e9ctor Alonso, de Morena, fue retirado y en sustituci\u00f3n presidir\u00e1 <strong>Olga Lucia Garci Crespo<\/strong>, de <a href=\"http:\/\/sintesis.com.mx\/puebla\/2019\/06\/03\/morena-gano-atlixco\/\" target=\"_blank\" rel=\"noopener\">Morena.<\/a><\/p>\n","protected":false},"excerpt":{"rendered":"<p>Por mayor\u00eda de votos de los diputados, aprobaron la propuesta de la Junta de Gobierno y Coordinaci\u00f3n Pol\u00edtica del Congreso local para quitar de las presidencias, secretarias y vocal\u00edas de las Comisiones y Comit\u00e9s a los diputados Jos\u00e9 Juan Espinosa Torres y H\u00e9ctor Alonso Granados por su mal comportamiento en su responsabilidad legislativa. En sesi\u00f3n [&hellip;]<\/p>\n","protected":false},"author":10,"featured_media":0,"comment_status":"open","ping_status":"open","sticky":false,"template":"","format":"standard","meta":{"footnotes":""},"categories":[1],"tags":[11282,10634,1005,332,24926,608],"yst_prominent_words":[],"class_list":["post-165904","post","type-post","status-publish","format-standard","hentry","category-sin-categoria","tag-comisiones","tag-hector-alonso-granados","tag-jose-juan-espinosa","tag-morena","tag-organos-deliberacion","tag-pt"],"_links":{"self":[{"href":"https:\/\/sintesis.com.mx\/puebla\/wp-json\/wp\/v2\/posts\/165904"}],"collection":[{"href":"https:\/\/sintesis.com.mx\/puebla\/wp-json\/wp\/v2\/posts"}],"about":[{"href":"https:\/\/sintesis.com.mx\/puebla\/wp-json\/wp\/v2\/types\/post"}],"author":[{"embeddable":true,"href":"https:\/\/sintesis.com.mx\/puebla\/wp-json\/wp\/v2\/users\/10"}],"replies":[{"embeddable":true,"href":"https:\/\/sintesis.com.mx\/puebla\/wp-json\/wp\/v2\/comments?post=165904"}],"version-history":[{"count":0,"href":"https:\/\/sintesis.com.mx\/puebla\/wp-json\/wp\/v2\/posts\/165904\/revisions"}],"wp:attachment":[{"href":"https:\/\/sintesis.com.mx\/puebla\/wp-json\/wp\/v2\/media?parent=165904"}],"wp:term":[{"taxonomy":"category","embeddable":true,"href":"https:\/\/sintesis.com.mx\/puebla\/wp-json\/wp\/v2\/categories?post=165904"},{"taxonomy":"post_tag","embeddable":true,"href":"https:\/\/sintesis.com.mx\/puebla\/wp-json\/wp\/v2\/tags?post=165904"},{"taxonomy":"yst_prominent_words","embeddable":true,"href":"https:\/\/sintesis.com.mx\/puebla\/wp-json\/wp\/v2\/yst_prominent_words?post=165904"}],"curies":[{"name":"wp","href":"https:\/\/api.w.org\/{rel}","templated":true}]}}