{"id":167478,"date":"2019-06-20T12:56:13","date_gmt":"2019-06-20T17:56:13","guid":{"rendered":"http:\/\/sintesis.com.mx\/puebla\/?p=167478"},"modified":"2019-06-20T12:56:13","modified_gmt":"2019-06-20T17:56:13","slug":"snte-sep-mantener-calidad-educativa","status":"publish","type":"post","link":"https:\/\/sintesis.com.mx\/puebla\/2019\/06\/20\/snte-sep-mantener-calidad-educativa\/","title":{"rendered":"(VIDEO) Pide SNTE a futuro titular de SEP mantener calidad educativa"},"content":{"rendered":"<p><span data-contrast=\"auto\">Los secretarios de las <strong>secciones 23 y 51<\/strong> del <strong>Sindicato Nacional de Trabajadores de la Educaci\u00f3n<\/strong> (SNTE), <strong>Alejandro Ariza Alonso<\/strong> y <strong>Jaime Garc\u00eda Roque<\/strong>, pidieron al pr\u00f3ximo titular de la <strong>Secretar\u00eda de Educaci\u00f3n P\u00fablica<\/strong> (SEP) local,\u00a0<strong>Melit\u00f3n Lozano<\/strong>, que se enfoque en mantener a Puebla en los primeros lugares en\u00a0<\/span><span data-contrast=\"auto\">educaci\u00f3n<\/span><span data-contrast=\"auto\">\u00a0para que siga siendo referente en la <strong>calidad educativa<\/strong>.<\/span><\/p>\n<blockquote class=\"twitter-tweet\" data-width=\"550\" data-dnt=\"true\">\n<p lang=\"es\" dir=\"ltr\"><a href=\"https:\/\/twitter.com\/hashtag\/Puebla?src=hash&amp;ref_src=twsrc%5Etfw\">#Puebla<\/a> \ud83d\udde3\ufe0f| Los secretarios de las secciones 23 y 51 del SNTE, Alejandro Ariza y Jaime Garc\u00eda, pidieron al pr\u00f3ximo titular de la SEP, <a href=\"https:\/\/twitter.com\/MelitonLozano?ref_src=twsrc%5Etfw\">@MelitonLozano<\/a>, mantener a Puebla en los primeros lugares en educaci\u00f3n para que siga como referente en calidad educativa. \ud83d\udcf9: <a href=\"https:\/\/twitter.com\/abel_cuba?ref_src=twsrc%5Etfw\">@abel_cuba<\/a> <a href=\"https:\/\/t.co\/kaULIhyk1I\">pic.twitter.com\/kaULIhyk1I<\/a><\/p>\n<p>&mdash; S\u00edntesis Puebla (@sintesisweb) <a href=\"https:\/\/twitter.com\/sintesisweb\/status\/1141753751335854080?ref_src=twsrc%5Etfw\">June 20, 2019<\/a><\/p><\/blockquote>\n<p><script async src=\"https:\/\/platform.twitter.com\/widgets.js\" charset=\"utf-8\"><\/script><\/p>\n<p><span data-contrast=\"auto\">Garc\u00eda Roque convoc\u00f3\u00a0adem\u00e1s al futuro responsable de la pol\u00edtica educativa en la entidad a respetar a las instituciones y\u00a0a la labor sindical, a los derechos de los trabajadores y ofreci\u00f3 el\u00a0<\/span><span data-contrast=\"auto\">di\u00e1logo<\/span><span data-contrast=\"auto\">\u00a0y los acuerdos para que Puebla se mantenga bien en la materia.<\/span><\/p>\n<p><span data-contrast=\"auto\">\u201c<em>Es gracias a los maestros y maestros que tenemos el primer lugar en <strong>matem\u00e1ticas<\/strong>, y el segundo lugar en <strong>lenguaje<\/strong> y educaci\u00f3n, eso nos pone como referencia, y queremos que Puebla siga siendo primer lugar<\/em>\u201d, precis\u00f3.<\/span><\/p>\n<p><span data-contrast=\"auto\">N<\/span><span data-contrast=\"auto\">o obstante, indic\u00f3 que para ello se necesitan acuerdos con los secretarios del <strong>SNTE<\/strong> y el gobierno estatal para otorgar estabilidad a la educaci\u00f3n.<\/span><\/p>\n<p><span data-contrast=\"auto\">Por su parte, el l\u00edder de la secci\u00f3n 23 del SNTE, <strong>Alejandro Ariza<\/strong>, a\u00f1adi\u00f3 que ojal\u00e1 con el nombramiento de Melit\u00f3n Lozano en la SEP se pueda transitar en una agenda que trae el sindicato, as\u00ed como que resuelva la problem\u00e1tica en el sindicato.<\/span><\/p>\n<p><span data-contrast=\"auto\">\u201c<em>Hay muchos temas de diferentes ordenes, de los maestros, de las escuelas, es una agenda muy amplia<\/em>\u201d, expres\u00f3.<\/span><\/p>\n","protected":false},"excerpt":{"rendered":"<p>Los l\u00edderes del SNTE 23 y 51, Alejandro Ariza y Jaime Garc\u00eda, pidieron al pr\u00f3ximo titular de la SEP, Melit\u00f3n Lozano, mantener a la entidad como referente en calidad educativa<\/p>\n","protected":false},"author":26,"featured_media":0,"comment_status":"open","ping_status":"open","sticky":false,"template":"","format":"standard","meta":{"footnotes":""},"categories":[3],"tags":[1387,446,9249,25327,18,19127,23,8253,1197,7441,9248],"yst_prominent_words":[],"class_list":["post-167478","post","type-post","status-publish","format-standard","hentry","category-puebla","tag-alejandro-ariza-alonso","tag-educacion","tag-jaime-garcia-roque","tag-meliton-lozano","tag-puebla","tag-sep-puebla","tag-slide","tag-slideapp","tag-snte","tag-snte-23","tag-snte-51"],"_links":{"self":[{"href":"https:\/\/sintesis.com.mx\/puebla\/wp-json\/wp\/v2\/posts\/167478"}],"collection":[{"href":"https:\/\/sintesis.com.mx\/puebla\/wp-json\/wp\/v2\/posts"}],"about":[{"href":"https:\/\/sintesis.com.mx\/puebla\/wp-json\/wp\/v2\/types\/post"}],"author":[{"embeddable":true,"href":"https:\/\/sintesis.com.mx\/puebla\/wp-json\/wp\/v2\/users\/26"}],"replies":[{"embeddable":true,"href":"https:\/\/sintesis.com.mx\/puebla\/wp-json\/wp\/v2\/comments?post=167478"}],"version-history":[{"count":0,"href":"https:\/\/sintesis.com.mx\/puebla\/wp-json\/wp\/v2\/posts\/167478\/revisions"}],"wp:attachment":[{"href":"https:\/\/sintesis.com.mx\/puebla\/wp-json\/wp\/v2\/media?parent=167478"}],"wp:term":[{"taxonomy":"category","embeddable":true,"href":"https:\/\/sintesis.com.mx\/puebla\/wp-json\/wp\/v2\/categories?post=167478"},{"taxonomy":"post_tag","embeddable":true,"href":"https:\/\/sintesis.com.mx\/puebla\/wp-json\/wp\/v2\/tags?post=167478"},{"taxonomy":"yst_prominent_words","embeddable":true,"href":"https:\/\/sintesis.com.mx\/puebla\/wp-json\/wp\/v2\/yst_prominent_words?post=167478"}],"curies":[{"name":"wp","href":"https:\/\/api.w.org\/{rel}","templated":true}]}}