{"id":167840,"date":"2019-06-22T14:33:25","date_gmt":"2019-06-22T19:33:25","guid":{"rendered":"http:\/\/sintesis.com.mx\/puebla\/?p=167840"},"modified":"2019-06-22T14:33:25","modified_gmt":"2019-06-22T19:33:25","slug":"concurso-baile-san-andres-cholula","status":"publish","type":"post","link":"https:\/\/sintesis.com.mx\/puebla\/2019\/06\/22\/concurso-baile-san-andres-cholula\/","title":{"rendered":"Impulsan valores con concurso de baile en San Andr\u00e9s Cholula"},"content":{"rendered":"<p>Con la finalidad de generar la convivencia familiar, el <strong>DIF Municipal<\/strong> de <strong>San Andr\u00e9s Cholula<\/strong> celebr\u00f3 el <strong>primer concurso de baile<\/strong> para j\u00f3venes de 12 a 16 a\u00f1os, con que se impulsaron los valores y la uni\u00f3n familiar.<\/p>\n<p>El entusiasmo de m\u00e1s 800 personas inund\u00f3 la explanada municipal, donde los participantes de las <strong>10 juntas auxiliares<\/strong> presentaron una gama de bailes para demostrar su talento y desarrollarse al cien por ciento.<\/p>\n<blockquote class=\"twitter-tweet\" data-width=\"550\" data-dnt=\"true\">\n<p lang=\"es\" dir=\"ltr\"><a href=\"https:\/\/twitter.com\/hashtag\/Puebla?src=hash&amp;ref_src=twsrc%5Etfw\">#Puebla<\/a> \ud83d\udde3\ufe0f| En <a href=\"https:\/\/twitter.com\/SnAndresOficial?ref_src=twsrc%5Etfw\">@SnAndresOficial<\/a> celebran concurso de baile para impulsar convivencia familiar. \ud83d\udcf9: <a href=\"https:\/\/twitter.com\/reporpue11?ref_src=twsrc%5Etfw\">@reporpue11<\/a> <a href=\"https:\/\/t.co\/lHCS1A7zLB\">pic.twitter.com\/lHCS1A7zLB<\/a><\/p>\n<p>&mdash; S\u00edntesis Puebla (@sintesisweb) <a href=\"https:\/\/twitter.com\/sintesisweb\/status\/1142486111492743168?ref_src=twsrc%5Etfw\">June 22, 2019<\/a><\/p><\/blockquote>\n<p><script async src=\"https:\/\/platform.twitter.com\/widgets.js\" charset=\"utf-8\"><\/script><\/p>\n<p>\u201c<em>Los j\u00f3venes tienen mucha energ\u00eda y es una oportunidad para que saquen su energ\u00eda capacidad para demostrar sus habilidades, es una oportunidad de que sus familias asistan y los apoyen, estamos convencidos de que se necesitan este tipo de actividades para que se sientan arropados<\/em>\u201d, expres\u00f3 <strong>Karla Centeno<\/strong>, presidenta del voluntariado del DIF Municipal.<\/p>\n<p>A lo largo de varias horas, se llev\u00f3 a cabo esta jornada de baile, para la cual los exponentes pasaron m\u00e1s de un mes preparando sus rutinas y ahora buscaron las primeras posiciones; la m\u00fasica y los aplausos no se hicieron esperar en una presentaci\u00f3n donde la buena vibra y el buen ambiente prevalecieron.<\/p>\n<p>En este evento estuvieron presentes los integrantes de \u201c<strong>Detalles con causa<\/strong>\u201d, personas con discapacidad que hacen collares y bolsas para subsistir; el evento fue limpio, ya que se inici\u00f3 con la separaci\u00f3n de basura y se recolect\u00f3 pet y tapas, las cuales ser\u00e1n entregadas a una asociaci\u00f3n.<\/p>\n","protected":false},"excerpt":{"rendered":"<p>El DIF Municipal de San Andr\u00e9s Cholula celebr\u00f3 el primer concurso de baile para j\u00f3venes de 12 a 16 a\u00f1os, con que se impulsaron los valores y la uni\u00f3n familiar, as\u00ed como el reciclaje con una buena causa<\/p>\n","protected":false},"author":6,"featured_media":0,"comment_status":"open","ping_status":"open","sticky":false,"template":"","format":"standard","meta":{"footnotes":""},"categories":[12,9],"tags":[25406,25411,25409,27,25410,18,3883,59],"yst_prominent_words":[],"class_list":["post-167840","post","type-post","status-publish","format-standard","hentry","category-cholula","category-municipios","tag-concurso-de-baile","tag-detalles-con-causa","tag-dif-municipal-san-andres-cholula","tag-hoyesnoticia","tag-karla-centeno","tag-puebla","tag-reciclaje","tag-san-andres-cholula"],"_links":{"self":[{"href":"https:\/\/sintesis.com.mx\/puebla\/wp-json\/wp\/v2\/posts\/167840"}],"collection":[{"href":"https:\/\/sintesis.com.mx\/puebla\/wp-json\/wp\/v2\/posts"}],"about":[{"href":"https:\/\/sintesis.com.mx\/puebla\/wp-json\/wp\/v2\/types\/post"}],"author":[{"embeddable":true,"href":"https:\/\/sintesis.com.mx\/puebla\/wp-json\/wp\/v2\/users\/6"}],"replies":[{"embeddable":true,"href":"https:\/\/sintesis.com.mx\/puebla\/wp-json\/wp\/v2\/comments?post=167840"}],"version-history":[{"count":0,"href":"https:\/\/sintesis.com.mx\/puebla\/wp-json\/wp\/v2\/posts\/167840\/revisions"}],"wp:attachment":[{"href":"https:\/\/sintesis.com.mx\/puebla\/wp-json\/wp\/v2\/media?parent=167840"}],"wp:term":[{"taxonomy":"category","embeddable":true,"href":"https:\/\/sintesis.com.mx\/puebla\/wp-json\/wp\/v2\/categories?post=167840"},{"taxonomy":"post_tag","embeddable":true,"href":"https:\/\/sintesis.com.mx\/puebla\/wp-json\/wp\/v2\/tags?post=167840"},{"taxonomy":"yst_prominent_words","embeddable":true,"href":"https:\/\/sintesis.com.mx\/puebla\/wp-json\/wp\/v2\/yst_prominent_words?post=167840"}],"curies":[{"name":"wp","href":"https:\/\/api.w.org\/{rel}","templated":true}]}}