{"id":170833,"date":"2019-07-10T17:54:31","date_gmt":"2019-07-10T22:54:31","guid":{"rendered":"http:\/\/sintesis.com.mx\/puebla\/?p=170833"},"modified":"2019-07-10T17:54:31","modified_gmt":"2019-07-10T22:54:31","slug":"renuncia-urzua-saldana","status":"publish","type":"post","link":"https:\/\/sintesis.com.mx\/puebla\/2019\/07\/10\/renuncia-urzua-saldana\/","title":{"rendered":"Renuncia de Urz\u00faa a la SHCP ejemplo de las malas decisiones de AMLO : Salda\u00f1a"},"content":{"rendered":"<p>Ciudad de M\u00e9xico. Sacudida en Hacienda y en la Fiscal\u00eda General de la Rep\u00fablica. El <strong>equipo de Andr\u00e9s Manuel L\u00f3pez Obrador<\/strong> se desmorona en \u00e1reas estrat\u00e9gicas de su gobierno a solo siete meses de rendir protesta como titular del ejecutivo. Renunciaron a sus cargos el secretario de Hacienda y Cr\u00e9dito P\u00fablico (SHCP), Carlos Urz\u00faa y el titular de la Unidad Antisecuestro de la FGR, Gualberto Ram\u00edrez Guti\u00e9rrez.<\/p>\n<p>Para la diputada federal del PRI, <strong>Lucero Salda\u00f1a P\u00e9rez,<\/strong> la renuncia de Carlos Urz\u00faa, deja en claro que no hay nada que festejar en el gobierno de Andr\u00e9s Manuel L\u00f3pez Obrador y que se est\u00e1n tomando decisiones equivocadas en detrimento del pa\u00eds.<\/p>\n<p>La legisladora poblana puntualiz\u00f3 que <strong>AMLO no puede imponer una ideolog\u00eda<\/strong> en la toma de decisiones sin el cuidado de las leyes, las instituciones, las pol\u00edticas p\u00fablicas y los derechos, tal y como lo evidenci\u00f3 Urz\u00faa en su carta del adi\u00f3s.<\/p>\n<p><em>\u00abEst\u00e1 en r<strong>iesgo el bienestar<\/strong> de la sociedad\u00bb,<\/em> enfatiz\u00f3.<\/p>\n<p>En entrevista con S\u00edntesis, Salda\u00f1a P\u00e9rez, apunt\u00f3 que hay muchos ejemplos de las decisiones erradas que ha tomado el nuevo gobierno bajo el concepto del <strong>ataque a la corrupci\u00f3n,<\/strong> como la cancelaci\u00f3n de los programas de estancias infantiles, refugios de mujeres maltratadas, desabasto de medicinas, recorte de recursos al sector salud y la cancelaci\u00f3n del nuevo aeropuerto, es decir \u201ct<em>odo lo que tiene que ver con el presupuesto\u201d.<\/em><\/p>\n<p>La congresista tricolor,<strong> calific\u00f3 estas acciones como<\/strong> <em>\u00abuna austeridad mal aplicada\u00bb<\/em> porque s\u00ed existen los recursos para cubrir la totalidad de los programas sociales.<\/p>\n<p><em>\u00abQu\u00e9 bueno que haya conciencia en este secretario (Carlos Urz\u00faa) y que present\u00f3 su renuncia con relaci\u00f3n al <strong>mal manejo de las finanzas<\/strong> del pa\u00eds\u00bb<\/em>, se\u00f1al\u00f3.<\/p>\n<p>Advirti\u00f3 que <strong>el tema es grave porque<\/strong> <em>\u00abestamos viendo que se est\u00e1n tomando decisiones arbitrarias por encima de una planeaci\u00f3n\u00bb.<\/em><\/p>\n<p><strong>Hizo un llamado<\/strong> a todo el gabinete y al propio presidente de la Rep\u00fablica <em>\u00aba recapacitar en no seguir violando la constituci\u00f3n, las leyes, las instituciones y la planeaci\u00f3n\u00bb.<\/em><\/p>\n<p><em>\u201cMandando al diablo las instituciones<strong> no es la soluci\u00f3n<\/strong>\u201d.<\/em><\/p>\n<p>Dijo que desde el principio, AMLO, evidenci\u00f3 que se trata de <strong>un gobierno totalitario,<\/strong> centralista que no respeta a las autoridades y a los sectores que comprenden distintos grupos de la sociedad.<\/p>\n<p>Afirm\u00f3 que siguen <strong>prevaleciendo las improvisacione<\/strong>s en la toma de decisiones.<\/p>\n","protected":false},"excerpt":{"rendered":"<p>Ciudad de M\u00e9xico. Sacudida en Hacienda y en la Fiscal\u00eda General de la Rep\u00fablica. El equipo de Andr\u00e9s Manuel L\u00f3pez Obrador se desmorona en \u00e1reas estrat\u00e9gicas de su gobierno a solo siete meses de rendir protesta como titular del ejecutivo. Renunciaron a sus cargos el secretario de Hacienda y Cr\u00e9dito P\u00fablico (SHCP), Carlos Urz\u00faa y [&hellip;]<\/p>\n","protected":false},"author":26,"featured_media":0,"comment_status":"open","ping_status":"open","sticky":false,"template":"","format":"standard","meta":{"footnotes":""},"categories":[3],"tags":[3411,24195,27,8254,2811,18,8329,934],"yst_prominent_words":[],"class_list":["post-170833","post","type-post","status-publish","format-standard","hentry","category-puebla","tag-camara-de-diputados","tag-carlos-urzua","tag-hoyesnoticia","tag-hoyesnoticiaapp","tag-lucero-saldana-perez","tag-puebla","tag-san-lazaro","tag-shcp"],"_links":{"self":[{"href":"https:\/\/sintesis.com.mx\/puebla\/wp-json\/wp\/v2\/posts\/170833"}],"collection":[{"href":"https:\/\/sintesis.com.mx\/puebla\/wp-json\/wp\/v2\/posts"}],"about":[{"href":"https:\/\/sintesis.com.mx\/puebla\/wp-json\/wp\/v2\/types\/post"}],"author":[{"embeddable":true,"href":"https:\/\/sintesis.com.mx\/puebla\/wp-json\/wp\/v2\/users\/26"}],"replies":[{"embeddable":true,"href":"https:\/\/sintesis.com.mx\/puebla\/wp-json\/wp\/v2\/comments?post=170833"}],"version-history":[{"count":0,"href":"https:\/\/sintesis.com.mx\/puebla\/wp-json\/wp\/v2\/posts\/170833\/revisions"}],"wp:attachment":[{"href":"https:\/\/sintesis.com.mx\/puebla\/wp-json\/wp\/v2\/media?parent=170833"}],"wp:term":[{"taxonomy":"category","embeddable":true,"href":"https:\/\/sintesis.com.mx\/puebla\/wp-json\/wp\/v2\/categories?post=170833"},{"taxonomy":"post_tag","embeddable":true,"href":"https:\/\/sintesis.com.mx\/puebla\/wp-json\/wp\/v2\/tags?post=170833"},{"taxonomy":"yst_prominent_words","embeddable":true,"href":"https:\/\/sintesis.com.mx\/puebla\/wp-json\/wp\/v2\/yst_prominent_words?post=170833"}],"curies":[{"name":"wp","href":"https:\/\/api.w.org\/{rel}","templated":true}]}}