{"id":173694,"date":"2019-07-29T11:20:55","date_gmt":"2019-07-29T16:20:55","guid":{"rendered":"http:\/\/sintesis.com.mx\/puebla\/?p=173694"},"modified":"2019-07-29T15:17:06","modified_gmt":"2019-07-29T20:17:06","slug":"tepeaca-detencion-el-general","status":"publish","type":"post","link":"https:\/\/sintesis.com.mx\/puebla\/2019\/07\/29\/tepeaca-detencion-el-general\/","title":{"rendered":"En el Hospital de Traumatolog\u00eda determinan si fue legal detenci\u00f3n del \u00abEl General\u00bb"},"content":{"rendered":"<p>Las condiciones de salud de los detenidos lesionados el pasado viernes en <strong>Tepeaca<\/strong>, quienes que fueron trasladados al <strong>hospital Hospital de Traumatolog\u00eda y Ortopedia<\/strong>, obliga a que les sea realizada su audiencia de control de detenci\u00f3n al interior del nosocomio.<\/p>\n<blockquote class=\"wp-embedded-content\" data-secret=\"CVqWwaYms0\"><p><a href=\"https:\/\/sintesis.com.mx\/puebla\/2019\/07\/26\/tepeaca-agreden-personal-pemex\/\">(VIDEO) Pobladores de Tepeaca agreden a personal de Pemex<\/a><\/p><\/blockquote>\n<p><iframe loading=\"lazy\" class=\"wp-embedded-content\" sandbox=\"allow-scripts\" security=\"restricted\" style=\"position: absolute; visibility: hidden;\" title=\"\u00ab(VIDEO) Pobladores de Tepeaca agreden a personal de Pemex\u00bb \u2014 S\u00edntesis Puebla\" src=\"https:\/\/sintesis.com.mx\/puebla\/2019\/07\/26\/tepeaca-agreden-personal-pemex\/embed\/#?secret=ybBvXe0fK0#?secret=CVqWwaYms0\" data-secret=\"CVqWwaYms0\" width=\"600\" height=\"338\" frameborder=\"0\" marginwidth=\"0\" marginheight=\"0\" scrolling=\"no\"><\/iframe><\/p>\n<p><strong>Genaro<\/strong> <em>N<\/em>\u00a0alias <strong><em>El General<\/em><\/strong>, presunto l\u00edder de grupos delincuenciales de la zona y otra persona que fue detenida en <a href=\"http:\/\/sintesis.com.mx\/puebla\/2019\/07\/26\/tepeaca-agreden-personal-pemex\/\" target=\"_blank\" rel=\"noopener\"><strong>San Jos\u00e9 Carpinteros<\/strong><\/a>, despu\u00e9s de las agresiones a personal de seguridad de <a href=\"https:\/\/www.pemex.com\/Paginas\/default.aspx\" target=\"_blank\" rel=\"noopener\"><strong>Petr\u00f3leos Mexicanos<\/strong><\/a> (Pemex) y elementos del <strong>Ej\u00e9rcito<\/strong>, resultaron heridos en sus extremidades durante un intercambio de disparos con fuerzas de seguridad al intentar escapar de su\u00a0detenci\u00f3n.<\/p>\n<p>Dado que su estado de salud a\u00fan no es estable y su proceso legal debe ser determinado, ser\u00e1 este lunes cuando se realice la audiencia de control de detenci\u00f3n y se les haga la imputaci\u00f3n de los delitos de <strong>tentativa de homicidio<\/strong>, <strong>lesiones calificadas<\/strong>, <strong>ataques peligrosos<\/strong> y <strong>da\u00f1o en propiedad ajena<\/strong> en car\u00e1cter doloso.<\/p>\n<p>Relacionado a los mismos hechos fueron detenidas 10 personas m\u00e1s quienes se encuentran en el <strong>Centro de Justicia penal<\/strong>, a la espera que se reanude su audiencia para determinar si su detenci\u00f3n es legal.<\/p>\n","protected":false},"excerpt":{"rendered":"<p>El estado de salud de los detenidos el pasado viernes en Tepeaca obliga a que les sea realizada su audiencia de control de detenci\u00f3n en el hospital Hospital de Traumatolog\u00eda y Ortopedia<\/p>\n","protected":false},"author":26,"featured_media":0,"comment_status":"open","ping_status":"open","sticky":false,"template":"","format":"standard","meta":{"footnotes":""},"categories":[1285,3],"tags":[26631,1286,465,5131,18,21789,1472],"yst_prominent_words":[],"class_list":["post-173694","post","type-post","status-publish","format-standard","hentry","category-justicia","category-puebla","tag-el-general","tag-justicia","tag-pemex","tag-petroleos-mexicanos","tag-puebla","tag-san-jose-carpinteros","tag-tepeaca"],"_links":{"self":[{"href":"https:\/\/sintesis.com.mx\/puebla\/wp-json\/wp\/v2\/posts\/173694"}],"collection":[{"href":"https:\/\/sintesis.com.mx\/puebla\/wp-json\/wp\/v2\/posts"}],"about":[{"href":"https:\/\/sintesis.com.mx\/puebla\/wp-json\/wp\/v2\/types\/post"}],"author":[{"embeddable":true,"href":"https:\/\/sintesis.com.mx\/puebla\/wp-json\/wp\/v2\/users\/26"}],"replies":[{"embeddable":true,"href":"https:\/\/sintesis.com.mx\/puebla\/wp-json\/wp\/v2\/comments?post=173694"}],"version-history":[{"count":0,"href":"https:\/\/sintesis.com.mx\/puebla\/wp-json\/wp\/v2\/posts\/173694\/revisions"}],"wp:attachment":[{"href":"https:\/\/sintesis.com.mx\/puebla\/wp-json\/wp\/v2\/media?parent=173694"}],"wp:term":[{"taxonomy":"category","embeddable":true,"href":"https:\/\/sintesis.com.mx\/puebla\/wp-json\/wp\/v2\/categories?post=173694"},{"taxonomy":"post_tag","embeddable":true,"href":"https:\/\/sintesis.com.mx\/puebla\/wp-json\/wp\/v2\/tags?post=173694"},{"taxonomy":"yst_prominent_words","embeddable":true,"href":"https:\/\/sintesis.com.mx\/puebla\/wp-json\/wp\/v2\/yst_prominent_words?post=173694"}],"curies":[{"name":"wp","href":"https:\/\/api.w.org\/{rel}","templated":true}]}}