{"id":177788,"date":"2019-11-19T15:59:05","date_gmt":"2019-11-19T21:59:05","guid":{"rendered":"https:\/\/sintesis.com.mx\/puebla\/?p=177788"},"modified":"2019-11-19T16:00:52","modified_gmt":"2019-11-19T22:00:52","slug":"universidad-tecnologica-de-puebla-el-club-de-lectura","status":"publish","type":"post","link":"https:\/\/sintesis.com.mx\/puebla\/2019\/11\/19\/universidad-tecnologica-de-puebla-el-club-de-lectura\/","title":{"rendered":"Aplican en la Universidad Tecnol\u00f3gica de Puebla el Club de Lectura\u00a0"},"content":{"rendered":"<p><span data-contrast=\"auto\">Que los m\u00e1s de seis mil estudiantes de la<a href=\"https:\/\/sintesis.com.mx\/puebla\/2019\/11\/11\/utp-recibio-software-etap-power-lab-con-un-valor-de-mas-de-16mdp\/\"><strong> Universidad Tecnol\u00f3gica de Puebla<\/strong><\/a> se beneficien del h\u00e1bito de la buena lectura, es el objetivo central de la puesta en marcha del <strong>Club de Lectura UTP<\/strong> que fue apadrinada por el periodista &#8211; escritor poblano Oscar Alarc\u00f3n Garc\u00eda y quien precis\u00f3 <em><strong>\u201cel objetivo principal es incrementar el placer de la lectura al compartirlo con otros y fomentar la convivencia entre la comunidad universitaria. Los periodos de este espacio ser\u00e1n semanales y en diversos horarios, donde los estudiantes son la parte fundamental para fomentar los ejes literarios que contribuyan a su desarrollo profesional y su pensamiento cr\u00edtico\u201d<\/strong><\/em>.<\/span><span data-ccp-props=\"{&quot;201341983&quot;:0,&quot;335551550&quot;:1,&quot;335551620&quot;:1,&quot;335559739&quot;:0,&quot;335559740&quot;:240}\">\u00a0<\/span><\/p>\n<p><span data-contrast=\"auto\">El rector <strong>Rodolfo Ramos Garc\u00eda<\/strong> afirm\u00f3 que la lectura\u00a0es una de las formas m\u00e1s humanas que se tienen para conocer la vida y la realidad y que posibilita tener un ejercicio para fortalecer las habilidades mentales, <em><strong>\u201campl\u00eda la capacidad de comprensi\u00f3n, de an\u00e1lisis, contextos y lo m\u00e1s importante, la capacidad de interpretar a trav\u00e9s de tu propia experiencia\u201d.\u00a0<\/strong><\/em><\/span><em><strong>\u00a0\u00a0<\/strong><\/em><\/p>\n<blockquote class=\"wp-embedded-content\" data-secret=\"9znEs66vYb\"><p><a href=\"https:\/\/sintesis.com.mx\/puebla\/2019\/11\/11\/utp-recibio-software-etap-power-lab-con-un-valor-de-mas-de-16mdp\/\">UTP recibi\u00f3\u00a0software\u00a0Etap\u00a0Power\u00a0Lab\u00a0con un valor de m\u00e1s de 16mdp\u00a0<\/a><\/p><\/blockquote>\n<p><iframe loading=\"lazy\" class=\"wp-embedded-content\" sandbox=\"allow-scripts\" security=\"restricted\" style=\"position: absolute; visibility: hidden;\" title=\"\u00abUTP recibi\u00f3\u00a0software\u00a0Etap\u00a0Power\u00a0Lab\u00a0con un valor de m\u00e1s de 16mdp\u00a0\u00bb \u2014 S\u00edntesis Puebla\" src=\"https:\/\/sintesis.com.mx\/puebla\/2019\/11\/11\/utp-recibio-software-etap-power-lab-con-un-valor-de-mas-de-16mdp\/embed\/#?secret=87EBpCjfdh#?secret=9znEs66vYb\" data-secret=\"9znEs66vYb\" width=\"600\" height=\"338\" frameborder=\"0\" marginwidth=\"0\" marginheight=\"0\" scrolling=\"no\"><\/iframe><\/p>\n<p><span data-contrast=\"auto\">Reunidos en las instalaciones del <strong>Centro de Informaci\u00f3n<\/strong> \u201cCarlos Vallejo M\u00e1rquez\u201d, en su mensaje<strong> el maestro Ramos Garc\u00eda<\/strong> explic\u00f3 que las experiencias cognitivas y personales no son iguales para todos y que la habilidad que tienen\u00a0los escritores es llevarnos, a trav\u00e9s de nuestras propias experiencias, al mundo que ellos describen en sus escritos \u2013es algo que no logra ning\u00fan otro ser en este planeta\u2013.\u00a0<\/span><span data-ccp-props=\"{&quot;201341983&quot;:0,&quot;335559739&quot;:0,&quot;335559740&quot;:240}\">\u00a0<\/span><\/p>\n<p><span data-contrast=\"auto\"><em><strong>\u201cNo hay manera m\u00e1s eficaz de construirse a s\u00ed mismo que a trav\u00e9s de la lectura. Porque con ella nos volvemos menos ignorantes. . . la lectura es una herramienta de construcci\u00f3n personal que nadie les podr\u00e1 quitar una vez que ustedes la integren a sus saberes, y que no se puede suplir con ninguna otra. La forma en la que la letra impresa te comparte un contexto que no es el tuyo y que una vez que terminas la lectura ya no eres la misma persona\u201d<\/strong><\/em>, expuso el rector de la UTP.<\/span><span data-ccp-props=\"{&quot;201341983&quot;:0,&quot;335559739&quot;:0,&quot;335559740&quot;:240}\">\u00a0<\/span><\/p>\n<p><span data-contrast=\"auto\">Premiaci\u00f3n a ganadores en declamaci\u00f3n, oratoria y mural en gis<\/span><span data-ccp-props=\"{&quot;201341983&quot;:0,&quot;335559739&quot;:0,&quot;335559740&quot;:240}\">\u00a0<\/span><span data-ccp-props=\"{&quot;201341983&quot;:0,&quot;335559739&quot;:0,&quot;335559740&quot;:240}\">\u00a0<\/span><\/p>\n<p><span data-contrast=\"auto\">Puesta en marcha del <strong>Club de Lectura UTP<\/strong> que enmarc\u00f3 la entrega de reconocimientos a los ganadores de los concursos de declamaci\u00f3n, oratoria y mural en gis que se organizaron dentro de los festejos del XXV<strong> Aniversario de la Universidad Tecnol\u00f3gica de Puebla<\/strong>.<\/span><span data-ccp-props=\"{&quot;201341983&quot;:0,&quot;335559739&quot;:0,&quot;335559740&quot;:240}\">\u00a0<\/span><\/p>\n<p><span data-contrast=\"auto\"><em><strong>\u201cEn donde hay cultura se genera la esperanza para una sociedad culta y de desarrollo del esp\u00edritu y el alma. . . \u00a0no hay actividad m\u00e1s noble que esa. Por eso, ustedes est\u00e1n estudiando dentro de una Instituci\u00f3n que engloba la academia y la cultura para que sean mejores ciudadanos y profesionales\u201d<\/strong><\/em>, concluy\u00f3 el rector Rodolfo Ramos Garc\u00eda.<\/span><span data-ccp-props=\"{&quot;201341983&quot;:0,&quot;335559739&quot;:0,&quot;335559740&quot;:240}\">\u00a0<\/span><\/p>\n","protected":false},"excerpt":{"rendered":"<p>Que los m\u00e1s de seis mil estudiantes de la Universidad Tecnol\u00f3gica de Puebla se beneficien del h\u00e1bito de la buena lectura, es el objetivo central de la puesta en marcha del Club de Lectura UTP que fue apadrinada por el periodista &#8211; escritor poblano Oscar Alarc\u00f3n Garc\u00eda y quien precis\u00f3 \u201cel objetivo principal es incrementar [&hellip;]<\/p>\n","protected":false},"author":26,"featured_media":0,"comment_status":"open","ping_status":"open","sticky":false,"template":"","format":"standard","meta":{"footnotes":""},"categories":[3],"tags":[27510,27508,27,1156,6010,18,27509,21335,4017],"yst_prominent_words":[],"class_list":["post-177788","post","type-post","status-publish","format-standard","hentry","category-puebla","tag-centro-de-informacion","tag-club-de-lectura-utp","tag-hoyesnoticia","tag-jovenes","tag-lectura","tag-puebla","tag-rodolfo-ramos-garcia","tag-universidad-tecnologica-de-puebla","tag-utp"],"_links":{"self":[{"href":"https:\/\/sintesis.com.mx\/puebla\/wp-json\/wp\/v2\/posts\/177788"}],"collection":[{"href":"https:\/\/sintesis.com.mx\/puebla\/wp-json\/wp\/v2\/posts"}],"about":[{"href":"https:\/\/sintesis.com.mx\/puebla\/wp-json\/wp\/v2\/types\/post"}],"author":[{"embeddable":true,"href":"https:\/\/sintesis.com.mx\/puebla\/wp-json\/wp\/v2\/users\/26"}],"replies":[{"embeddable":true,"href":"https:\/\/sintesis.com.mx\/puebla\/wp-json\/wp\/v2\/comments?post=177788"}],"version-history":[{"count":0,"href":"https:\/\/sintesis.com.mx\/puebla\/wp-json\/wp\/v2\/posts\/177788\/revisions"}],"wp:attachment":[{"href":"https:\/\/sintesis.com.mx\/puebla\/wp-json\/wp\/v2\/media?parent=177788"}],"wp:term":[{"taxonomy":"category","embeddable":true,"href":"https:\/\/sintesis.com.mx\/puebla\/wp-json\/wp\/v2\/categories?post=177788"},{"taxonomy":"post_tag","embeddable":true,"href":"https:\/\/sintesis.com.mx\/puebla\/wp-json\/wp\/v2\/tags?post=177788"},{"taxonomy":"yst_prominent_words","embeddable":true,"href":"https:\/\/sintesis.com.mx\/puebla\/wp-json\/wp\/v2\/yst_prominent_words?post=177788"}],"curies":[{"name":"wp","href":"https:\/\/api.w.org\/{rel}","templated":true}]}}