{"id":179318,"date":"2019-11-28T15:50:19","date_gmt":"2019-11-28T21:50:19","guid":{"rendered":"https:\/\/sintesis.com.mx\/puebla\/?p=179318"},"modified":"2019-11-28T15:50:19","modified_gmt":"2019-11-28T21:50:19","slug":"audiencia-detenidos-minerales-del-sur","status":"publish","type":"post","link":"https:\/\/sintesis.com.mx\/puebla\/2019\/11\/28\/audiencia-detenidos-minerales-del-sur\/","title":{"rendered":"Inicia audiencia de 23 detenidos por enfrentamiento en Minerales del Sur"},"content":{"rendered":"<p class=\"p1\"><span class=\"s1\">Ocho son los cargos que la <a href=\"https:\/\/twitter.com\/FiscaliaPuebla\" target=\"_blank\" rel=\"noopener noreferrer\"><strong>Fiscal\u00eda General del Estado<\/strong><\/a> (FGE) <strong>de Puebla<\/strong> pretende imputarle a <strong>23 de los 26 detenidos<\/strong> en la <strong><a href=\"https:\/\/sintesis.com.mx\/puebla\/?s=Minerales+del+Sur\" target=\"_blank\" rel=\"noopener noreferrer\">colonia<\/a> Minerales del Sur<\/strong>, por el enfrentamiento con la polic\u00eda con saldo de un agente muerto.<\/span><\/p>\n<p class=\"p1\"><span class=\"s1\">Los detenidos que iniciaron su proceso ante el <strong>Tribunal Superior de Justicia<\/strong> son: <\/span><\/p>\n<p class=\"p1\"><span class=\"s1\">Marco Antonio N., Michell N., Pedro Perfecto N., Francisco Javier N., Rufino N., Jes\u00fas Eloy N., Mario Alberto N., Antonio N., Israel N., Carlos N., Juan Manuel N., Jes\u00fas N., Alberto N., Sara Esperanza N., Carlos Alberto N., Jos\u00e9 Luis N., Luis N., Agust\u00edn N., \u00c1mbar Jazm\u00edn N., Jos\u00e9 Jonathan N., Donato N., Beatriz N., \u00c1ngel N., y Francisco Javier N.<\/span><\/p>\n<p class=\"p1\"><span class=\"s1\">Los dos delincuentes restantes est\u00e1n hospitalizados desde el <\/span><span class=\"s1\">martes, ya que resultaron heridos durante el intercambio de fuego contra los uniformados en la <strong>colonia Minerales<\/strong> de <strong>Guadalupe Sur<\/strong> y uno m\u00e1s intent\u00f3 darse a la fuga al saltar desde un segundo piso del <strong>C5<\/strong>, fractur\u00e1ndose un pie por lo que se encuentra internado en un hospital bajo resguardo polic\u00edaco.<\/span><\/p>\n<p class=\"p1\"><span class=\"s1\">Entre los delitos que el agente del Ministerio P\u00fablico busca imputarles durante la audiencia se encuentra el de <strong>homicidio agravado<\/strong>; <strong>tentativa de homicidio<\/strong>; <strong>robo agravado<\/strong>; <strong>lesiones dolosas<\/strong>; <strong>da\u00f1o en propiedad ajena<\/strong>; <strong>asociaci\u00f3n delictuosa<\/strong>; <strong>delitos contra la salud<\/strong> y <strong>delitos cometidos contra funcionarios p\u00fablicos<\/strong>, aunque este \u00faltimo solo funciona como agravante.<\/span><\/p>\n","protected":false},"excerpt":{"rendered":"<p>Ocho son los cargos que la Fiscal\u00eda pretende imputarle a 23 de los 26 detenidos en la colonia Minerales del Sur tras la balacera que dej\u00f3 un polic\u00eda muerto<\/p>\n","protected":false},"author":26,"featured_media":0,"comment_status":"open","ping_status":"open","sticky":false,"template":"","format":"standard","meta":{"footnotes":""},"categories":[1285],"tags":[2627,17612,16812,1286,27886,733,18,23,8253,3290],"yst_prominent_words":[],"class_list":["post-179318","post","type-post","status-publish","format-standard","hentry","category-justicia","tag-audiencia","tag-fge-puebla","tag-fiscalia-general-del-estado-de-puebla","tag-justicia","tag-minerales-de-guadalupe-del-sur","tag-minerales-del-sur","tag-puebla","tag-slide","tag-slideapp","tag-tribunal-superior-de-justicia"],"_links":{"self":[{"href":"https:\/\/sintesis.com.mx\/puebla\/wp-json\/wp\/v2\/posts\/179318"}],"collection":[{"href":"https:\/\/sintesis.com.mx\/puebla\/wp-json\/wp\/v2\/posts"}],"about":[{"href":"https:\/\/sintesis.com.mx\/puebla\/wp-json\/wp\/v2\/types\/post"}],"author":[{"embeddable":true,"href":"https:\/\/sintesis.com.mx\/puebla\/wp-json\/wp\/v2\/users\/26"}],"replies":[{"embeddable":true,"href":"https:\/\/sintesis.com.mx\/puebla\/wp-json\/wp\/v2\/comments?post=179318"}],"version-history":[{"count":0,"href":"https:\/\/sintesis.com.mx\/puebla\/wp-json\/wp\/v2\/posts\/179318\/revisions"}],"wp:attachment":[{"href":"https:\/\/sintesis.com.mx\/puebla\/wp-json\/wp\/v2\/media?parent=179318"}],"wp:term":[{"taxonomy":"category","embeddable":true,"href":"https:\/\/sintesis.com.mx\/puebla\/wp-json\/wp\/v2\/categories?post=179318"},{"taxonomy":"post_tag","embeddable":true,"href":"https:\/\/sintesis.com.mx\/puebla\/wp-json\/wp\/v2\/tags?post=179318"},{"taxonomy":"yst_prominent_words","embeddable":true,"href":"https:\/\/sintesis.com.mx\/puebla\/wp-json\/wp\/v2\/yst_prominent_words?post=179318"}],"curies":[{"name":"wp","href":"https:\/\/api.w.org\/{rel}","templated":true}]}}