{"id":183619,"date":"2020-01-03T15:56:12","date_gmt":"2020-01-03T21:56:12","guid":{"rendered":"https:\/\/sintesis.com.mx\/puebla\/?p=183619"},"modified":"2020-01-03T15:56:12","modified_gmt":"2020-01-03T21:56:12","slug":"cae-letrero-y-lesiona-a-hombre-en-teziutlan","status":"publish","type":"post","link":"https:\/\/sintesis.com.mx\/puebla\/2020\/01\/03\/cae-letrero-y-lesiona-a-hombre-en-teziutlan\/","title":{"rendered":"Cae letrero y lesiona a hombre en Teziutl\u00e1n"},"content":{"rendered":"<p><a href=\"https:\/\/sintesis.com.mx\/puebla\/2020\/01\/03\/servicio-de-agua-en-teziutlan\/\">Teziutl\u00e1n<\/a>.- Un <strong>hombre<\/strong> que caminaba en calles del centro de Teziutl\u00e1n, <strong>result\u00f3 lesionado<\/strong>, luego de que le cayera encima el letrero met\u00e1lico de una panader\u00eda, accidente <strong>provocado por las rachas de viento que se registran en la regi\u00f3n<\/strong> desde la madrugada de este dos de enero.<\/p>\n<p>Personas que caminaban por el lugar durante la noche de este jueves, as\u00ed como los propietarios del local comercial, <strong>solicitaron el apoyo de param\u00e9dicos,<\/strong> ya que <strong>el letrero golpe\u00f3 en la cabeza a la v\u00edctima<\/strong>, la cual qued\u00f3 tirada sobre la banqueta, en las afueras de la panader\u00eda La Victoria.<\/p>\n<p><img loading=\"lazy\" decoding=\"async\" class=\"aligncenter wp-image-183671 size-full\" src=\"https:\/\/sintesis.com.mx\/puebla\/wp-content\/uploads\/2020\/01\/0103-Dari\u0301o_Foto-2-300x202-1.jpg\" alt=\"\" width=\"300\" height=\"202\" \/><\/p>\n<p>Los hechos ocurrieron en <strong>la avenida Ju\u00e1rez,<\/strong> esquina con calle Nigromante, en donde se inform\u00f3 que el hombre caminaba, pero el fuerte viento se vino abajo sobre la banqueta en el momento que cruzaba por el lugar, lo que le provoc\u00f3<strong> lesiones de consideraci\u00f3n<\/strong> a este hombre que se encontraba inconsciente.<\/p>\n<p>Al lugar acudieron <strong>param\u00e9dicos de protecci\u00f3n civil de Teziutl\u00e1n y de SUMA,<\/strong> quienes estabilizaron al lesionado y tras verificar su estado de salud, lo subieron a la ambulancia y lo trasladaron al hospital general, en donde fue<strong> ingresado al \u00e1rea de urgencias.<\/strong><\/p>\n<p>Personal de protecci\u00f3n civil, una vez m\u00e1s hizo un llamado a los ciudadanos a que se resguarden en los momentos en que se incremente la velocidad de<strong> los vientos y evite salir a la v\u00eda p\u00fablica<\/strong>, ya que tambi\u00e9n durante la noche de este dos de enero, se report\u00f3 la ca\u00edda de varios \u00e1rboles, techos de viviendas, as\u00ed como parte del techo del mercado Victoria en el centro de Teziutl\u00e1n.<\/p>\n","protected":false},"excerpt":{"rendered":"<p>Teziutl\u00e1n.- Un hombre que caminaba en calles del centro de Teziutl\u00e1n, result\u00f3 lesionado, luego de que le cayera encima el letrero met\u00e1lico de una panader\u00eda, accidente provocado por las rachas de viento que se registran en la regi\u00f3n desde la madrugada de este dos de enero. Personas que caminaban por el lugar durante la noche [&hellip;]<\/p>\n","protected":false},"author":15,"featured_media":0,"comment_status":"open","ping_status":"open","sticky":false,"template":"","format":"standard","meta":{"footnotes":""},"categories":[9],"tags":[669,28815,5606,27,1801,28,451],"yst_prominent_words":[],"class_list":["post-183619","post","type-post","status-publish","format-standard","hentry","category-municipios","tag-accidente","tag-danos-por-vientos","tag-frente-frio","tag-hoyesnoticia","tag-lesionado","tag-municipios","tag-teziutlan"],"_links":{"self":[{"href":"https:\/\/sintesis.com.mx\/puebla\/wp-json\/wp\/v2\/posts\/183619"}],"collection":[{"href":"https:\/\/sintesis.com.mx\/puebla\/wp-json\/wp\/v2\/posts"}],"about":[{"href":"https:\/\/sintesis.com.mx\/puebla\/wp-json\/wp\/v2\/types\/post"}],"author":[{"embeddable":true,"href":"https:\/\/sintesis.com.mx\/puebla\/wp-json\/wp\/v2\/users\/15"}],"replies":[{"embeddable":true,"href":"https:\/\/sintesis.com.mx\/puebla\/wp-json\/wp\/v2\/comments?post=183619"}],"version-history":[{"count":0,"href":"https:\/\/sintesis.com.mx\/puebla\/wp-json\/wp\/v2\/posts\/183619\/revisions"}],"wp:attachment":[{"href":"https:\/\/sintesis.com.mx\/puebla\/wp-json\/wp\/v2\/media?parent=183619"}],"wp:term":[{"taxonomy":"category","embeddable":true,"href":"https:\/\/sintesis.com.mx\/puebla\/wp-json\/wp\/v2\/categories?post=183619"},{"taxonomy":"post_tag","embeddable":true,"href":"https:\/\/sintesis.com.mx\/puebla\/wp-json\/wp\/v2\/tags?post=183619"},{"taxonomy":"yst_prominent_words","embeddable":true,"href":"https:\/\/sintesis.com.mx\/puebla\/wp-json\/wp\/v2\/yst_prominent_words?post=183619"}],"curies":[{"name":"wp","href":"https:\/\/api.w.org\/{rel}","templated":true}]}}