{"id":184660,"date":"2020-01-09T21:24:04","date_gmt":"2020-01-10T03:24:04","guid":{"rendered":"https:\/\/sintesis.com.mx\/puebla\/?p=184660"},"modified":"2020-01-09T21:24:04","modified_gmt":"2020-01-10T03:24:04","slug":"asignada-como-nueva-titular","status":"publish","type":"post","link":"https:\/\/sintesis.com.mx\/puebla\/2020\/01\/09\/asignada-como-nueva-titular\/","title":{"rendered":"Carabar\u00edn Trujillo designada nueva titular de Comisi\u00f3n Estatal de B\u00fasqueda"},"content":{"rendered":"<p>Carmen Carabar\u00edn Trujillo fue designada como titular de la <a href=\"https:\/\/sintesis.com.mx\/puebla\/2019\/11\/17\/integra-comision-de-personas-desaparecidas-seis-casos\/\"><strong>Comisi\u00f3n Estatal de B\u00fasqueda<\/strong><\/a>, y se prev\u00e9 que su presentaci\u00f3n sea encabezada por el subsecretario de Derechos Humanos, Alejandro Encinas, inform\u00f3 el gobernador <strong>Luis Miguel Barbosa Huerta.<\/strong><\/p>\n<p>Dijo que con su intervenci\u00f3n se busca reforzar los trabajos para atender las denuncias de familiares que buscan a sus hijos desaparecidos en Puebla.<\/p>\n<p>Sobre la <strong>trayectoria de Caraba\u00edn,<\/strong> la subsecretaria de <strong>Prevenci\u00f3n del Delito y Derechos Humanos,<\/strong> Raquel Medel Valencia, detall\u00f3 que es acad\u00e9mica y cuenta con especialidad en criminolog\u00eda y b\u00fasqueda, adem\u00e1s de que ha sido colaboradora para los <strong>gobiernos de Colombia y Espa\u00f1a.<\/strong><\/p>\n<p>La llegada de la nueva funcionara se da despu\u00e9s de que Puebla se ubic\u00f3 como segundo lugar a nivel nacional con m\u00e1s mujeres y ni\u00f1os desaparecidos, en el primer a\u00f1o del gobierno de <strong>Andr\u00e9s Manuel L\u00f3pez Obrador,<\/strong> al sumar 173 y 131 casos, respectivamente.<\/p>\n<p>Las cifras corresponden al \u201cInforme sobre fosas clandestinas y registro nacional de personas desaparecidas o no localizadas\u201d de la Comisi\u00f3n Nacional de B\u00fasqueda de Personas, que encabeza <strong>Alejandro Encinas Rodr\u00edguez.<\/strong><\/p>\n","protected":false},"excerpt":{"rendered":"<p>Carmen Carabar\u00edn Trujillo fue designada como titular de la Comisi\u00f3n Estatal de B\u00fasqueda, y se prev\u00e9 que su presentaci\u00f3n sea encabezada por el subsecretario de Derechos Humanos, Alejandro Encinas, inform\u00f3 el gobernador Luis Miguel Barbosa Huerta. Dijo que con su intervenci\u00f3n se busca reforzar los trabajos para atender las denuncias de familiares que buscan a [&hellip;]<\/p>\n","protected":false},"author":58,"featured_media":0,"comment_status":"open","ping_status":"open","sticky":false,"template":"","format":"standard","meta":{"footnotes":""},"categories":[3],"tags":[28996,21032,27236,27,18],"yst_prominent_words":[],"class_list":["post-184660","post","type-post","status-publish","format-standard","hentry","category-puebla","tag-carmen-carabarin-trujillo","tag-comision-estatal-de-busqueda","tag-gobernador-luis-miguel-barbosa-huerta","tag-hoyesnoticia","tag-puebla"],"_links":{"self":[{"href":"https:\/\/sintesis.com.mx\/puebla\/wp-json\/wp\/v2\/posts\/184660"}],"collection":[{"href":"https:\/\/sintesis.com.mx\/puebla\/wp-json\/wp\/v2\/posts"}],"about":[{"href":"https:\/\/sintesis.com.mx\/puebla\/wp-json\/wp\/v2\/types\/post"}],"author":[{"embeddable":true,"href":"https:\/\/sintesis.com.mx\/puebla\/wp-json\/wp\/v2\/users\/58"}],"replies":[{"embeddable":true,"href":"https:\/\/sintesis.com.mx\/puebla\/wp-json\/wp\/v2\/comments?post=184660"}],"version-history":[{"count":0,"href":"https:\/\/sintesis.com.mx\/puebla\/wp-json\/wp\/v2\/posts\/184660\/revisions"}],"wp:attachment":[{"href":"https:\/\/sintesis.com.mx\/puebla\/wp-json\/wp\/v2\/media?parent=184660"}],"wp:term":[{"taxonomy":"category","embeddable":true,"href":"https:\/\/sintesis.com.mx\/puebla\/wp-json\/wp\/v2\/categories?post=184660"},{"taxonomy":"post_tag","embeddable":true,"href":"https:\/\/sintesis.com.mx\/puebla\/wp-json\/wp\/v2\/tags?post=184660"},{"taxonomy":"yst_prominent_words","embeddable":true,"href":"https:\/\/sintesis.com.mx\/puebla\/wp-json\/wp\/v2\/yst_prominent_words?post=184660"}],"curies":[{"name":"wp","href":"https:\/\/api.w.org\/{rel}","templated":true}]}}