{"id":184799,"date":"2020-01-11T16:16:08","date_gmt":"2020-01-11T22:16:08","guid":{"rendered":"https:\/\/sintesis.com.mx\/puebla\/?p=184799"},"modified":"2020-01-11T16:16:08","modified_gmt":"2020-01-11T22:16:08","slug":"ricardo-montaner-abre-el-ano-con-sencillo-y-plan-de-gira","status":"publish","type":"post","link":"https:\/\/sintesis.com.mx\/puebla\/2020\/01\/11\/ricardo-montaner-abre-el-ano-con-sencillo-y-plan-de-gira\/","title":{"rendered":"Ricardo Montaner abre el a\u00f1o con sencillo y plan de gira"},"content":{"rendered":"<p class=\"p1\"><strong>\u00abTe adorar\u00e9\u00bb<\/strong> es el tema que <strong>Ricardo Montaner<\/strong> hizo al lado sus hijos <strong>Mau y Ricky<\/strong>, dueto musical que por su parte desde hace algunos a\u00f1os est\u00e1 activo en la <strong>escena<\/strong> <strong>musical<\/strong> y que ahora los une a en una poderosa balada al estilo del cantautor venezolano, con una gama de sentimientos en una sublime historia de amor hecha canci\u00f3n.<\/p>\n<p class=\"p1\">\u00abTe Adorar\u00e9\u201d es el nuevo <strong>sencillo promocional del \u00e1lbum<\/strong> nominado al <strong>Grammy<\/strong> y al <strong>Latin Grammy Montaner<\/strong>, publicado en mayo de <strong>2019<\/strong> y que para es <strong>2020<\/strong> tiene m\u00e1s sorpresas por destapar. Cabe destacar que el tema tambi\u00e9n cont\u00f3 con la participaci\u00f3n de los autores <strong>Luigi Castillo y Ricardo L\u00f3pez Lalinde.<\/strong><\/p>\n<p class=\"p1\" style=\"text-align: center;\"><em><strong>\u00abTe Adorar\u00e9 puede ser una de las canciones que m\u00e1s me gusta de todas las que he escrito. El video es una maravilla m\u00e1s de esas a las que Marlene me tiene acostumbrado\u201d<\/strong><\/em>, dijo el propio artista. Cabe apuntar que Marlene Rodr\u00edguez, es su esposa y quien dirige todos sus videos musicales.<\/p>\n<p class=\"p1\">El video fue grabado en <strong>Buenos Aires<\/strong> y contin\u00faa la reciente tendencia de Montaner invitando a sus colegas m\u00fasicos a participar como actores. Esta vez, las apariciones estelares son su hija Evaluna y su prometido, el nuevo boom de origen colombiano, el cantante y compositor, Camilo.<\/p>\n<p class=\"p1\"><em>\u00abCombinar a Camilo y Evaluna como pareja protag\u00f3nica es la cereza del pastel. Sin duda alguna un gran aporte en la hermosura de una historia triste\u201d<\/em>, asegur\u00f3 Montaner, quien pr\u00f3ximamente iniciar\u00e1 una extensa gira musical entre marzo y abril por importantes ciudades de Estados Unidos.<\/p>\n","protected":false},"excerpt":{"rendered":"<p>\u00abTe adorar\u00e9\u00bb es el tema que Ricardo Montaner hizo al lado sus hijos Mau y Ricky, dueto musical que por su parte desde hace algunos a\u00f1os est\u00e1 activo en la escena musical y que ahora los une a en una poderosa balada al estilo del cantautor venezolano, con una gama de sentimientos en una sublime [&hellip;]<\/p>\n","protected":false},"author":13,"featured_media":0,"comment_status":"open","ping_status":"open","sticky":false,"template":"","format":"standard","meta":{"footnotes":""},"categories":[6,3],"tags":[20271,8254,24875,6417,7756,29015],"yst_prominent_words":[],"class_list":["post-184799","post","type-post","status-publish","format-standard","hentry","category-entretenimiento","category-puebla","tag-grammy","tag-hoyesnoticiaapp","tag-mau-y-ricky","tag-nuevo-sencillo","tag-ricardo-montaner","tag-te-adorare"],"_links":{"self":[{"href":"https:\/\/sintesis.com.mx\/puebla\/wp-json\/wp\/v2\/posts\/184799"}],"collection":[{"href":"https:\/\/sintesis.com.mx\/puebla\/wp-json\/wp\/v2\/posts"}],"about":[{"href":"https:\/\/sintesis.com.mx\/puebla\/wp-json\/wp\/v2\/types\/post"}],"author":[{"embeddable":true,"href":"https:\/\/sintesis.com.mx\/puebla\/wp-json\/wp\/v2\/users\/13"}],"replies":[{"embeddable":true,"href":"https:\/\/sintesis.com.mx\/puebla\/wp-json\/wp\/v2\/comments?post=184799"}],"version-history":[{"count":0,"href":"https:\/\/sintesis.com.mx\/puebla\/wp-json\/wp\/v2\/posts\/184799\/revisions"}],"wp:attachment":[{"href":"https:\/\/sintesis.com.mx\/puebla\/wp-json\/wp\/v2\/media?parent=184799"}],"wp:term":[{"taxonomy":"category","embeddable":true,"href":"https:\/\/sintesis.com.mx\/puebla\/wp-json\/wp\/v2\/categories?post=184799"},{"taxonomy":"post_tag","embeddable":true,"href":"https:\/\/sintesis.com.mx\/puebla\/wp-json\/wp\/v2\/tags?post=184799"},{"taxonomy":"yst_prominent_words","embeddable":true,"href":"https:\/\/sintesis.com.mx\/puebla\/wp-json\/wp\/v2\/yst_prominent_words?post=184799"}],"curies":[{"name":"wp","href":"https:\/\/api.w.org\/{rel}","templated":true}]}}