{"id":185215,"date":"2020-01-14T08:20:00","date_gmt":"2020-01-14T14:20:00","guid":{"rendered":"https:\/\/sintesis.com.mx\/puebla\/?p=185215"},"modified":"2020-01-14T09:38:09","modified_gmt":"2020-01-14T15:38:09","slug":"manzanilla-deja-gabinete-barbosa","status":"publish","type":"post","link":"https:\/\/sintesis.com.mx\/puebla\/2020\/01\/14\/manzanilla-deja-gabinete-barbosa\/","title":{"rendered":"Manzanilla deja gabinete de Barbosa: \u00abestar\u00e9 donde Puebla me necesite\u00bb"},"content":{"rendered":"<p>Tras cinco meses de formar parte del gabinete de <strong>Luis Miguel Barbosa Huerta<\/strong>, <strong><a href=\"https:\/\/twitter.com\/Fer_Manzanilla\" target=\"_blank\" rel=\"noopener noreferrer\">Fernando<\/a> Manzanilla Prieto<\/strong> presento\u0301 su renuncia al cargo de secretario de <strong>Gobernacio\u0301n<\/strong>, con el argumento de que su ciclo en la dependencia concluy\u00f3 y ahora tiene otros proyectos en beneficio de <strong>Puebla<\/strong>.<\/p>\n<p>https:\/\/twitter.com\/Fer_Manzanilla\/status\/1217065596430340096<\/p>\n<p>Por medio de video que subi\u00f3 en su cuenta de twitter, inform\u00f3 que ya hab\u00eda tomado esta decisi\u00f3n desde hace tiempo, pero esper\u00f3 a que concluyera <strong>2019<\/strong> para hacerla oficial.<\/p>\n<p>La renuncia de Manzanilla se da luego de se\u00f1alamientos en su contra de que habr\u00eda orquestado una campa\u00f1a para desestabilizar al mandatario estatal, en complicidad con el exdiputado federal <strong>Eukid Casta\u00f1\u00f3n<\/strong>.<\/p>\n<p>https:\/\/twitter.com\/Fer_Manzanilla\/status\/1217066286779260931<\/p>\n<p>Este d\u00eda el exfuncionario agradeci\u00f3 al gobernador del <strong>Partido Morena<\/strong> por incluirlo en su equipo desde 2018, y se dijo satisfecho con el trabajo realizado en la Segob.<\/p>\n<p>Se\u00f1al\u00f3 que Puebla necesita de todos y de todas, por lo que \u00e9l regresar\u00e1 a la <strong>C\u00e1mara de Diputados<\/strong> para seguir trabajando.<\/p>\n<p>\u201c<em>Me queda claro qu\u00e9 hay ciclos que terminan, y qu\u00e9 tambi\u00e9n nos permiten evolucionar para ir consiguiendo nuestros anhelos. Tuve el honor de ocupar este puesto en los momentos que m\u00e1s lo necesito Puebla, y hoy que termino esta etapa estoy orgulloso del equipo que conformamos en la Segob<\/em>\u201d, expuso en un video de <strong>2 minutos 13 segundos<\/strong>.<\/p>\n<p>https:\/\/twitter.com\/Fer_Manzanilla\/status\/1217066556569444352<\/p>\n<p>En su carta de renuncia, manifest\u00f3 que pronto dar\u00e1 a conocer los proyectos que emprender\u00e1 junto con colectivos y empresarios. Y resalt\u00f3 que tuvo la oportunidad de ocupar tres veces el mismo cargo con distintas fuerzas pol\u00edticas.<\/p>\n<p>\u00ab<em>Yo siempre estare\u0301 donde Puebla ma\u0301s me necesite<\/em>\u201d, concluyo\u0301.<\/p>\n<p>En d\u00edas pasados trascendi\u00f3 que el priista <a href=\"https:\/\/sintesis.com.mx\/puebla\/?s=Carlos+Meza+Viveros\" target=\"_blank\" rel=\"noopener noreferrer\"><strong>Carlos Meza Viveros<\/strong><\/a> llegar\u00eda a la <strong>Segob<\/strong>, aunque el propio gobernador neg\u00f3 tal versi\u00f3n.<\/p>\n","protected":false},"excerpt":{"rendered":"<p>Fernando Manzanilla Prieto presento\u0301 su renuncia al cargo de secretario de Gobernacio\u0301n; se\u00f1ala que su ciclo en la dependencia concluy\u00f3<\/p>\n","protected":false},"author":58,"featured_media":0,"comment_status":"open","ping_status":"open","sticky":false,"template":"","format":"standard","meta":{"footnotes":""},"categories":[3],"tags":[3411,10435,19493,12859,5873,18,28911,23,8253],"yst_prominent_words":[],"class_list":["post-185215","post","type-post","status-publish","format-standard","hentry","category-puebla","tag-camara-de-diputados","tag-carlos-meza-viveros","tag-eukid-castanon","tag-fernando-manzanilla-prieto","tag-luis-miguel-barbosa-huerta","tag-puebla","tag-segob-puebla","tag-slide","tag-slideapp"],"_links":{"self":[{"href":"https:\/\/sintesis.com.mx\/puebla\/wp-json\/wp\/v2\/posts\/185215"}],"collection":[{"href":"https:\/\/sintesis.com.mx\/puebla\/wp-json\/wp\/v2\/posts"}],"about":[{"href":"https:\/\/sintesis.com.mx\/puebla\/wp-json\/wp\/v2\/types\/post"}],"author":[{"embeddable":true,"href":"https:\/\/sintesis.com.mx\/puebla\/wp-json\/wp\/v2\/users\/58"}],"replies":[{"embeddable":true,"href":"https:\/\/sintesis.com.mx\/puebla\/wp-json\/wp\/v2\/comments?post=185215"}],"version-history":[{"count":0,"href":"https:\/\/sintesis.com.mx\/puebla\/wp-json\/wp\/v2\/posts\/185215\/revisions"}],"wp:attachment":[{"href":"https:\/\/sintesis.com.mx\/puebla\/wp-json\/wp\/v2\/media?parent=185215"}],"wp:term":[{"taxonomy":"category","embeddable":true,"href":"https:\/\/sintesis.com.mx\/puebla\/wp-json\/wp\/v2\/categories?post=185215"},{"taxonomy":"post_tag","embeddable":true,"href":"https:\/\/sintesis.com.mx\/puebla\/wp-json\/wp\/v2\/tags?post=185215"},{"taxonomy":"yst_prominent_words","embeddable":true,"href":"https:\/\/sintesis.com.mx\/puebla\/wp-json\/wp\/v2\/yst_prominent_words?post=185215"}],"curies":[{"name":"wp","href":"https:\/\/api.w.org\/{rel}","templated":true}]}}