{"id":188378,"date":"2020-02-11T17:05:37","date_gmt":"2020-02-11T23:05:37","guid":{"rendered":"https:\/\/sintesis.com.mx\/puebla\/?p=188378"},"modified":"2020-02-11T17:05:37","modified_gmt":"2020-02-11T23:05:37","slug":"delegacion-del-imss-en-puebla-tiene-abasto","status":"publish","type":"post","link":"https:\/\/sintesis.com.mx\/puebla\/2020\/02\/11\/delegacion-del-imss-en-puebla-tiene-abasto\/","title":{"rendered":"Delegaci\u00f3n del IMSS en Puebla tiene abasto de medicamentos del 90 por ciento"},"content":{"rendered":"<p><strong>El delegado del Instituto Mexicano del Seguro Social (IMSS) en Puebla, Jos\u00e9 de Jes\u00fas \u00a0Gonz\u00e1lez Izquierdo, \u00a0dio a conocer que \u00a0tienen una cobertura del 90 por ciento<\/strong> de distribuci\u00f3n de medicamentos en diversos rubros para y un 10 por ciento de desabasto.<\/p>\n<p>Destac\u00f3 que \u00a0no tienen desabasto de medicamentos en ninguna \u00e1rea, ni mucho menos para pacientes con c\u00e1ncer, ya que todos est\u00e1n recibiendo sus quimioterapias.<\/p>\n<p><strong>Asimismo dijo que est\u00e1 por concluir su trabajo al frente del IMSS en Puebla,<\/strong> por lo que no dejar\u00e1 pendientes, s\u00f3lo proyectos que tendr\u00e1n continuidad como lo hicieron los otras personas que han ocupado el cargo.<\/p>\n<p>Precis\u00f3 que\u00a0 el tema de la demolici\u00f3n que se llevar\u00e1 a cabo del nosocomio de San Alejandro como ya se\u00a0 hab\u00eda adelantado la semana pasada se har\u00e1 con militares que estar\u00e1n a cargo de este trabajo.<\/p>\n<p><strong>\u201cSer\u00e1n aproximadamente 15 militares\u00a0 los que se encargar\u00e1n de la demolici\u00f3n del hospital de San Alejandro que fue afectado por el sismo\u201d, afirm\u00f3.<\/strong><\/p>\n<p>Coment\u00f3 que poblanos ser\u00e1n contratados para apoyar a los militares en la demolici\u00f3n de este espacio que resulto lamentable muy da\u00f1ado por el movimiento tel\u00farico.<\/p>\n<p><strong>Lo anterior lo destac\u00f3 en entrevista al recibir un reconocimiento\u00a0 por parte de la CTM en Puebla por la labor efectuada al frente del Seguro Social.<\/strong><\/p>\n","protected":false},"excerpt":{"rendered":"<p>El delegado del Instituto Mexicano del Seguro Social (IMSS) en Puebla, Jos\u00e9 de Jes\u00fas \u00a0Gonz\u00e1lez Izquierdo, \u00a0dio a conocer que \u00a0tienen una cobertura del 90 por ciento de distribuci\u00f3n de medicamentos en diversos rubros para y un 10 por ciento de desabasto. Destac\u00f3 que \u00a0no tienen desabasto de medicamentos en ninguna \u00e1rea, ni mucho menos [&hellip;]<\/p>\n","protected":false},"author":58,"featured_media":0,"comment_status":"open","ping_status":"open","sticky":false,"template":"","format":"standard","meta":{"footnotes":""},"categories":[3],"tags":[4953,27,8254,17730,18],"yst_prominent_words":[29991,30276,30390,30388,30385,30391,30389,29562,29640,29985,30387],"class_list":["post-188378","post","type-post","status-publish","format-standard","hentry","category-puebla","tag-cancer","tag-hoyesnoticia","tag-hoyesnoticiaapp","tag-medicamentos","tag-puebla"],"_links":{"self":[{"href":"https:\/\/sintesis.com.mx\/puebla\/wp-json\/wp\/v2\/posts\/188378"}],"collection":[{"href":"https:\/\/sintesis.com.mx\/puebla\/wp-json\/wp\/v2\/posts"}],"about":[{"href":"https:\/\/sintesis.com.mx\/puebla\/wp-json\/wp\/v2\/types\/post"}],"author":[{"embeddable":true,"href":"https:\/\/sintesis.com.mx\/puebla\/wp-json\/wp\/v2\/users\/58"}],"replies":[{"embeddable":true,"href":"https:\/\/sintesis.com.mx\/puebla\/wp-json\/wp\/v2\/comments?post=188378"}],"version-history":[{"count":0,"href":"https:\/\/sintesis.com.mx\/puebla\/wp-json\/wp\/v2\/posts\/188378\/revisions"}],"wp:attachment":[{"href":"https:\/\/sintesis.com.mx\/puebla\/wp-json\/wp\/v2\/media?parent=188378"}],"wp:term":[{"taxonomy":"category","embeddable":true,"href":"https:\/\/sintesis.com.mx\/puebla\/wp-json\/wp\/v2\/categories?post=188378"},{"taxonomy":"post_tag","embeddable":true,"href":"https:\/\/sintesis.com.mx\/puebla\/wp-json\/wp\/v2\/tags?post=188378"},{"taxonomy":"yst_prominent_words","embeddable":true,"href":"https:\/\/sintesis.com.mx\/puebla\/wp-json\/wp\/v2\/yst_prominent_words?post=188378"}],"curies":[{"name":"wp","href":"https:\/\/api.w.org\/{rel}","templated":true}]}}