{"id":188709,"date":"2020-02-14T13:11:12","date_gmt":"2020-02-14T19:11:12","guid":{"rendered":"https:\/\/sintesis.com.mx\/puebla\/?p=188709"},"modified":"2020-02-14T13:11:12","modified_gmt":"2020-02-14T19:11:12","slug":"tania-libertad-raul-ornelas-velada","status":"publish","type":"post","link":"https:\/\/sintesis.com.mx\/puebla\/2020\/02\/14\/tania-libertad-raul-ornelas-velada\/","title":{"rendered":"Tania Libertad y Ra\u00fal Ornelas ofrecen velada rom\u00e1ntica para recordar"},"content":{"rendered":"<p><span style=\"color: #000000; font-family: Times New Roman;\"><strong>Tania libertad y Ra\u00fal Ornelas<\/strong> ofrecieron un <a href=\"https:\/\/sintesis.com.mx\/puebla\/?s=raul+ornelas\" target=\"_blank\" rel=\"noopener noreferrer\">concierto<\/a> durante la noche del jueves en el<strong> auditorio del Complejo Cultural Universitario<\/strong> (<a href=\"http:\/\/www.complejocultural.buap.mx\/\" target=\"_blank\" rel=\"noopener noreferrer\">CCU<\/a>) de esta ciudad, con un repertorio que integr\u00f3 temas que el <strong>cantautor chiapaneco prepar\u00f3<\/strong> especialmente para esta ocasi\u00f3n, <strong>para estrenar con su compa\u00f1era en el show denominado \u201cEl Riesgo\u201d.<\/strong><\/span><\/p>\n<p><span style=\"color: #000000; font-family: Times New Roman;\">Fue cerca de las <strong>21:00 horas que los artistas salieron al escenario<\/strong> para cautivar a la audiencia desde el primer momento, <strong>ella con su potente voz y \u00e9l mostrando su versatilidad como cantante, compositor y m\u00fasico<\/strong>. Fue con un par de temas de tinte rom\u00e1ntico que emulaban a <strong>las heridas del coraz\u00f3n y a dar el alma<\/strong>, con los que abrieron el show.<\/span><\/p>\n<p><span style=\"color: #000000; font-family: Times New Roman;\">Al saludar a la audiencia, tanto <strong>Tania como Ra\u00fal expresaron su agrado por estar juntos<\/strong>. \u201cEs un gusto <strong>muy grande estar otra vez con ustedes<\/strong>, esta vez compartiendo el escenario <strong>con un gran amigo querido, gran compositor y estupendo cantante, Ra\u00fal Ornelas<\/strong>. Imag\u00ednense, se puso a trabajar para todas las canciones que vamos a cantar a d\u00fao esta noche, <strong>va a ser muy lindo\u201d, dijo Tania.<\/strong><\/span><\/p>\n<p><span style=\"color: #000000; font-family: Times New Roman;\">\u201c<strong>Gracias por estar aqu\u00ed, es una bendici\u00f3n<\/strong>\u201d, agreg\u00f3 Ra\u00fal al tiempo de dar paso a la cantante originaria de Per\u00fa nacionalizada mexicana, para que hiciera lo propio en escena con <strong>temas como \u201cPaloma negra\u201d y \u201cCielo rojo\u201d.<\/strong> Despu\u00e9s toc\u00f3 el turno de \u00e9l de deleitar con \u00e9xitos como \u201cNo era necesario\u201d y m\u00e1s tarde <strong>se volvieron a unir en \u00e9xitos como \u201cRetiro lo dicho\u201d y \u201cEl \u00faltimo trago\u201d.<\/strong><\/span><\/p>\n<p><span style=\"color: #000000; font-family: Times New Roman;\"><strong>Entre temas los asistentes no dejaron de aplaudir<\/strong> el talento de los artistas, que acompa\u00f1ados <strong>por seis m\u00fasicos y con juego de audio<\/strong>, video e iluminaci\u00f3n, otorgaron <strong>una velada para recordar. <\/strong><\/span><\/p>\n","protected":false},"excerpt":{"rendered":"<p>Entre temas los asistentes no dejaron de aplaudir el talento de los artistas, que acompa\u00f1ados por seis m\u00fasicos y con juego de audio, video e iluminaci\u00f3n, otorgaron una velada para recordar.<\/p>\n","protected":false},"author":13,"featured_media":0,"comment_status":"open","ping_status":"open","sticky":false,"template":"","format":"standard","meta":{"footnotes":""},"categories":[6,3],"tags":[29421,9321,29420],"yst_prominent_words":[31341,31343,31339,31344,29943,31342,31345,30081,31252,31340,31336,31335,30937,31338,31337],"class_list":["post-188709","post","type-post","status-publish","format-standard","hentry","category-entretenimiento","category-puebla","tag-el-riesgo","tag-raul-ornelas","tag-tania-libertad"],"_links":{"self":[{"href":"https:\/\/sintesis.com.mx\/puebla\/wp-json\/wp\/v2\/posts\/188709"}],"collection":[{"href":"https:\/\/sintesis.com.mx\/puebla\/wp-json\/wp\/v2\/posts"}],"about":[{"href":"https:\/\/sintesis.com.mx\/puebla\/wp-json\/wp\/v2\/types\/post"}],"author":[{"embeddable":true,"href":"https:\/\/sintesis.com.mx\/puebla\/wp-json\/wp\/v2\/users\/13"}],"replies":[{"embeddable":true,"href":"https:\/\/sintesis.com.mx\/puebla\/wp-json\/wp\/v2\/comments?post=188709"}],"version-history":[{"count":0,"href":"https:\/\/sintesis.com.mx\/puebla\/wp-json\/wp\/v2\/posts\/188709\/revisions"}],"wp:attachment":[{"href":"https:\/\/sintesis.com.mx\/puebla\/wp-json\/wp\/v2\/media?parent=188709"}],"wp:term":[{"taxonomy":"category","embeddable":true,"href":"https:\/\/sintesis.com.mx\/puebla\/wp-json\/wp\/v2\/categories?post=188709"},{"taxonomy":"post_tag","embeddable":true,"href":"https:\/\/sintesis.com.mx\/puebla\/wp-json\/wp\/v2\/tags?post=188709"},{"taxonomy":"yst_prominent_words","embeddable":true,"href":"https:\/\/sintesis.com.mx\/puebla\/wp-json\/wp\/v2\/yst_prominent_words?post=188709"}],"curies":[{"name":"wp","href":"https:\/\/api.w.org\/{rel}","templated":true}]}}