{"id":190254,"date":"2020-02-27T21:02:45","date_gmt":"2020-02-28T03:02:45","guid":{"rendered":"https:\/\/sintesis.com.mx\/puebla\/?p=190254"},"modified":"2020-02-27T21:02:45","modified_gmt":"2020-02-28T03:02:45","slug":"pericos-en-busca-de-mas-aficion","status":"publish","type":"post","link":"https:\/\/sintesis.com.mx\/puebla\/2020\/02\/27\/pericos-en-busca-de-mas-aficion\/","title":{"rendered":"Pericos en busca de m\u00e1s afici\u00f3n"},"content":{"rendered":"<p>Con la finalidad de lograr que un mayor n\u00famero de aficionados se den cita al \u201c<strong>Rey de los Deportes\u201d, Ram\u00f3n Ram\u00edrez,<\/strong> vocero del conjunto emplumado dio a conocer que\u00a0 han entablado pl\u00e1ticas con la <strong>Secretaria de Educaci\u00f3n P\u00fablica<\/strong> para lograr que j\u00f3venes de educaci\u00f3n b\u00e1sica conozcan a la novena. Adem\u00e1s plantea un convenio con los hoteleros para que tanto trabajadores como usuarios se puedan ver beneficiados.<\/p>\n<p><strong>\u201cEstamos buscando que cada semana llevemos a ni\u00f1os de escuelas p\u00fablicas al estadio para que conozcan c\u00f3mo funciona, y c\u00f3mo se la podr\u00edan pasar. Estamos trabajando con aficionados extranjeros y firmaremos convenio con Vive Puebla, a modo de que empleados de hoteles puedan estar en el parque\u201d.<\/strong><\/p>\n<p>En entrevista v\u00eda telef\u00f3nica, se\u00f1al\u00f3 que adem\u00e1s trabajan en la parte deportiva para la conformaci\u00f3n de un equipo que sea protagonista en la temporada 2020 de la Liga Mexicana de B\u00e9isbol y se\u00f1al\u00f3 que se ha generado mucha expectativa de que peloteros de talla internacional hayan reportado desde el inicio.<\/p>\n<p><img loading=\"lazy\" decoding=\"async\" class=\"alignnone wp-image-105586 size-full\" src=\"https:\/\/sintesis.com.mx\/puebla\/wp-content\/uploads\/2018\/06\/Pericos-2.jpg\" alt=\"Pericos de Puebla regresan al trabajo para oto\u00f1o 2018\" width=\"2048\" height=\"1536\" \/><\/p>\n<p>\u201cHay un compromiso muy particular de los jugadores por dar el m\u00e1ximo porque si bien en esta pretemporada jugar\u00e1n todos de los 59 que reportar\u00e1n s\u00f3lo nos quedaremos con 30, ser\u00e1 muy competitiva esta pretemporada y buscaremos un roster con una diversificaci\u00f3n de jugadores, jugadores j\u00f3venes que han mostrado su val\u00eda, as\u00ed como jugadores de base como <strong>Danny Ortiz<\/strong>, peloteros de grandes ligas y que garantizar\u00e1n espect\u00e1culo\u201d<\/p>\n<p>Platic\u00f3 que han innovado en diversas \u00e1reas del <a href=\"https:\/\/sintesis.com.mx\/puebla\/?s=parque+Hermanos+Serd%C3%A1n\"><strong>parque<\/strong> <strong>Hermanos Serd\u00e1n<\/strong><\/a> para lograr que toda la familia se encuentre satisfecha durante los juegos, con un \u00e1rea para 150 ni\u00f1os, las terrazas, se reubicar\u00e1 la tienda de souvenirs\u201d<\/p>\n<p>\u201cQueremos consentir al aficionado, tratarlos bien y que vean que la directiva est\u00e1 interesada\u00bb , manifest\u00f3 que adem\u00e1s se mantienen a la venta los abonos, los cuales registran importantes descuentos para las familias y continua la preventa para la serie inaugural, recordando que los boletos adem\u00e1s de concentrarse en taquilla se pueden adquirir en plataforma.<\/p>\n","protected":false},"excerpt":{"rendered":"<p>La directiva de la novena emplumada trabaja con diversas acciones para innovar no s\u00f3lo en el club deportivo sino en el equipo.<\/p>\n","protected":false},"author":6,"featured_media":0,"comment_status":"open","ping_status":"open","sticky":false,"template":"","format":"standard","meta":{"footnotes":""},"categories":[4],"tags":[34123,27,8254,156,18,34124,23,8253,34122],"yst_prominent_words":[32908,34120,30339,29807,30206,30840,32038,30598,29682,33088,34121,31548],"class_list":["post-190254","post","type-post","status-publish","format-standard","hentry","category-deportes","tag-aficion","tag-hoyesnoticia","tag-hoyesnoticiaapp","tag-pericos-de-puebla","tag-puebla","tag-ramon-ramirez","tag-slide","tag-slideapp","tag-temporada-2020"],"_links":{"self":[{"href":"https:\/\/sintesis.com.mx\/puebla\/wp-json\/wp\/v2\/posts\/190254"}],"collection":[{"href":"https:\/\/sintesis.com.mx\/puebla\/wp-json\/wp\/v2\/posts"}],"about":[{"href":"https:\/\/sintesis.com.mx\/puebla\/wp-json\/wp\/v2\/types\/post"}],"author":[{"embeddable":true,"href":"https:\/\/sintesis.com.mx\/puebla\/wp-json\/wp\/v2\/users\/6"}],"replies":[{"embeddable":true,"href":"https:\/\/sintesis.com.mx\/puebla\/wp-json\/wp\/v2\/comments?post=190254"}],"version-history":[{"count":0,"href":"https:\/\/sintesis.com.mx\/puebla\/wp-json\/wp\/v2\/posts\/190254\/revisions"}],"wp:attachment":[{"href":"https:\/\/sintesis.com.mx\/puebla\/wp-json\/wp\/v2\/media?parent=190254"}],"wp:term":[{"taxonomy":"category","embeddable":true,"href":"https:\/\/sintesis.com.mx\/puebla\/wp-json\/wp\/v2\/categories?post=190254"},{"taxonomy":"post_tag","embeddable":true,"href":"https:\/\/sintesis.com.mx\/puebla\/wp-json\/wp\/v2\/tags?post=190254"},{"taxonomy":"yst_prominent_words","embeddable":true,"href":"https:\/\/sintesis.com.mx\/puebla\/wp-json\/wp\/v2\/yst_prominent_words?post=190254"}],"curies":[{"name":"wp","href":"https:\/\/api.w.org\/{rel}","templated":true}]}}