{"id":190256,"date":"2020-02-27T20:51:21","date_gmt":"2020-02-28T02:51:21","guid":{"rendered":"https:\/\/sintesis.com.mx\/puebla\/?p=190256"},"modified":"2020-02-27T20:51:21","modified_gmt":"2020-02-28T02:51:21","slug":"jugadora-poblana-a-seleccion-nacional","status":"publish","type":"post","link":"https:\/\/sintesis.com.mx\/puebla\/2020\/02\/27\/jugadora-poblana-a-seleccion-nacional\/","title":{"rendered":"Jugadora poblana a selecci\u00f3n nacional"},"content":{"rendered":"<p>La jugadora del <strong><a href=\"https:\/\/sintesis.com.mx\/puebla\/2020\/02\/26\/puebla-femenil-no-se-desalienta\/\">Puebla Femenil<\/a> Mirelle Arciniega<\/strong> ha sido convocada para integrarse al representativo nacional para competir en la<strong> Gira de la Copa en Chipre<\/strong>, la cual se realizar\u00e1 en pr\u00f3ximos d\u00edas.<\/p>\n<p>Arciniega Sevenello se convertir\u00e1 en la primera jugadora de la instituci\u00f3n franjirrosa en vestir la playera del tricolor mayor en una competencia de car\u00e1cter internacional.\u00a0 Su participaci\u00f3n durante el <strong>Torneo Clausura 2020<\/strong> le otorg\u00f3 una recompensa a la dorsal 20 enfranjada, ella fue convocada a la Gira de la Copa Chipre con la Selecci\u00f3n Nacional a celebrarse en pr\u00f3ximos d\u00edas.<\/p>\n<blockquote class=\"wp-embedded-content\" data-secret=\"0IOXU0muNu\"><p><a href=\"https:\/\/sintesis.com.mx\/puebla\/2020\/02\/26\/puebla-femenil-no-se-desalienta\/\">Puebla Femenil no se desalienta, quiere el triunfo en casa<\/a><\/p><\/blockquote>\n<p><iframe loading=\"lazy\" class=\"wp-embedded-content\" sandbox=\"allow-scripts\" security=\"restricted\" style=\"position: absolute; visibility: hidden;\" title=\"\u00abPuebla Femenil no se desalienta, quiere el triunfo en casa\u00bb \u2014 S\u00edntesis Puebla\" src=\"https:\/\/sintesis.com.mx\/puebla\/2020\/02\/26\/puebla-femenil-no-se-desalienta\/embed\/#?secret=093hhVFiT0#?secret=0IOXU0muNu\" data-secret=\"0IOXU0muNu\" width=\"600\" height=\"338\" frameborder=\"0\" marginwidth=\"0\" marginheight=\"0\" scrolling=\"no\"><\/iframe><\/p>\n<p>La oriunda de Chipilo, Puebla se present\u00f3 a la concentraci\u00f3n en la <strong>Ciudad de M\u00e9xico<\/strong> para emprender el vuelo al pa\u00eds europeo y sostener los entrenamientos previos al campeonato que se desarrollar\u00e1 del 4 al 11 de marzo del presente a\u00f1o.<\/p>\n<p>\u00c9ste llamado no es \u00a0el primero para Arciniega Sevenello, qui\u00e9n vuelve a la selecci\u00f3n azteca luego de haber estado en la categor\u00eda Sub 20 donde jug\u00f3 la <strong>Copa del Mundo de Alemania 2010<\/strong>. Como dato, M\u00e9xico, dirigido por Christopher Cu\u00e9llar, se medir\u00e1 en \u00e9ste certamen a sus hom\u00f3nimos de Croacia, Eslovaquia y Rep\u00fablica Checa.<\/p>\n<p>Cabe destacar que el equipo nacional se concentr\u00f3 este jueves y el 28 de febrero emprender\u00e1 su viaje a territorio europeo.<\/p>\n","protected":false},"excerpt":{"rendered":"<p>La jugadora del Puebla Femenil Mirelle Arciniega ha sido convocada para integrarse al representativo nacional para competir en la Gira de la Copa en Chipre, la cual se realizar\u00e1 en pr\u00f3ximos d\u00edas. Arciniega Sevenello se convertir\u00e1 en la primera jugadora de la instituci\u00f3n franjirrosa en vestir la playera del tricolor mayor en una competencia de [&hellip;]<\/p>\n","protected":false},"author":6,"featured_media":0,"comment_status":"open","ping_status":"open","sticky":false,"template":"","format":"standard","meta":{"footnotes":""},"categories":[4],"tags":[29,27,28939,18,13032,213],"yst_prominent_words":[31541,34127,34126,34131,34129,31722,34134,34133,34130,34125,34128,29626,30023,33884,29562,32040,34132],"class_list":["post-190256","post","type-post","status-publish","format-standard","hentry","category-deportes","tag-deportes","tag-hoyesnoticia","tag-mirelle-arciniega","tag-puebla","tag-puebla-femenil","tag-seleccion-nacional"],"_links":{"self":[{"href":"https:\/\/sintesis.com.mx\/puebla\/wp-json\/wp\/v2\/posts\/190256"}],"collection":[{"href":"https:\/\/sintesis.com.mx\/puebla\/wp-json\/wp\/v2\/posts"}],"about":[{"href":"https:\/\/sintesis.com.mx\/puebla\/wp-json\/wp\/v2\/types\/post"}],"author":[{"embeddable":true,"href":"https:\/\/sintesis.com.mx\/puebla\/wp-json\/wp\/v2\/users\/6"}],"replies":[{"embeddable":true,"href":"https:\/\/sintesis.com.mx\/puebla\/wp-json\/wp\/v2\/comments?post=190256"}],"version-history":[{"count":0,"href":"https:\/\/sintesis.com.mx\/puebla\/wp-json\/wp\/v2\/posts\/190256\/revisions"}],"wp:attachment":[{"href":"https:\/\/sintesis.com.mx\/puebla\/wp-json\/wp\/v2\/media?parent=190256"}],"wp:term":[{"taxonomy":"category","embeddable":true,"href":"https:\/\/sintesis.com.mx\/puebla\/wp-json\/wp\/v2\/categories?post=190256"},{"taxonomy":"post_tag","embeddable":true,"href":"https:\/\/sintesis.com.mx\/puebla\/wp-json\/wp\/v2\/tags?post=190256"},{"taxonomy":"yst_prominent_words","embeddable":true,"href":"https:\/\/sintesis.com.mx\/puebla\/wp-json\/wp\/v2\/yst_prominent_words?post=190256"}],"curies":[{"name":"wp","href":"https:\/\/api.w.org\/{rel}","templated":true}]}}