{"id":191438,"date":"2020-03-10T21:43:00","date_gmt":"2020-03-11T03:43:00","guid":{"rendered":"https:\/\/sintesis.com.mx\/puebla\/?p=191438"},"modified":"2020-03-10T21:52:32","modified_gmt":"2020-03-11T03:52:32","slug":"confirman-el-primer-caso-de-covid-19-en-puebla","status":"publish","type":"post","link":"https:\/\/sintesis.com.mx\/puebla\/2020\/03\/10\/confirman-el-primer-caso-de-covid-19-en-puebla\/","title":{"rendered":"Confirman el primer caso de Covid-19 en Puebla"},"content":{"rendered":"<p>La <a href=\"https:\/\/sintesis.com.mx\/puebla\/2019\/07\/26\/demandan-frenar-la-corrupcion-en-secretaria-de-salud\/\"><strong>Secretar\u00eda de Salud<\/strong> <\/a>del estado confirm\u00f3 el primer caso de <strong>Coronavirus<\/strong> (COVID-19) en Puebla y el octavo en el pa\u00eds.<\/p>\n<p>Por medio de un comunicado, inform\u00f3 que se trata de un hombre de 47 a\u00f1os de edad, q<strong>ue lleg\u00f3 de Italia a la capital poblana<\/strong> por temas laborales con una empresa automotriz.<\/p>\n<p>Una hora antes, la empresa Volkswagen de M\u00e9xico notific\u00f3 que uno de sus proveedores de capacitaci\u00f3n, de origen alem\u00e1n, fue aislado en<strong> un hospital privado de la Angel\u00f3polis,<\/strong> por sospechas de Coronavirus.<\/p>\n<p>Diagn\u00f3stico que la noche de este martes corrobor\u00f3 el gobierno estatal.<\/p>\n<p>La Secretar\u00eda de Salud explic\u00f3 que a<strong> pesar de que esta persona dio positivo<\/strong> a las pruebas aplicadas, en estos momentos no presenta evidencia cl\u00ednica del padecimiento, por lo que se considera un portador asintom\u00e1tico.<\/p>\n<blockquote class=\"wp-embedded-content\" data-secret=\"aWxuLpynQi\"><p><a href=\"https:\/\/sintesis.com.mx\/puebla\/2019\/07\/26\/demandan-frenar-la-corrupcion-en-secretaria-de-salud\/\">Demandan frenar la corrupci\u00f3n en Secretar\u00eda de Salud<\/a><\/p><\/blockquote>\n<p><iframe loading=\"lazy\" class=\"wp-embedded-content\" sandbox=\"allow-scripts\" security=\"restricted\" style=\"position: absolute; visibility: hidden;\" title=\"\u00abDemandan frenar la corrupci\u00f3n en Secretar\u00eda de Salud\u00bb \u2014 S\u00edntesis Puebla\" src=\"https:\/\/sintesis.com.mx\/puebla\/2019\/07\/26\/demandan-frenar-la-corrupcion-en-secretaria-de-salud\/embed\/#?secret=E7umavDoHU#?secret=aWxuLpynQi\" data-secret=\"aWxuLpynQi\" width=\"600\" height=\"338\" frameborder=\"0\" marginwidth=\"0\" marginheight=\"0\" scrolling=\"no\"><\/iframe><\/p>\n<p>Adem\u00e1s, indic\u00f3 que en atenci\u00f3n a los protocolos establecidos, el paciente est\u00e1 en aislamiento en una unidad hospitalaria privada, y los <strong>Servicios de Salud en el Estado<\/strong> realizar\u00e1n el seguimiento a su evoluci\u00f3n cl\u00ednica hasta cumplir los 14 d\u00edas en observaci\u00f3n.<\/p>\n<p>El titular del ramo, <strong>Jorge Humberto Uribe T\u00e9llez,<\/strong> exhort\u00f3 a la poblaci\u00f3n para atender las medidas preventivas, mismas que ayudan a disminuir la propagaci\u00f3n del virus, y\u00a0pidi\u00f3 confianza en las acciones que lleva a cabo el gobierno de Puebla.<\/p>\n<p>\u00abLa dependencia tiene conocimiento que <strong>por las actividades laborales<\/strong>, el paciente estuvo en contacto con un grupo de trabajadores de la planta armadora, quienes estar\u00e1n en <strong>aislamiento domiciliario durante el mismo periodo<\/strong>, tiempo en el que el virus genera manifestaciones cl\u00ednicas\u00bb, sic.<\/p>\n<p>Por su parte, la empresa detall\u00f3 que el proveedor e<strong>stuvo de vacaciones en Italia y posteriormente viaj\u00f3 a Puebla<\/strong>, donde estuvo en contacto con 40 integrantes del personal local y del estado de Guanajuato.<\/p>\n","protected":false},"excerpt":{"rendered":"<p>La Secretar\u00eda de Salud del estado confirm\u00f3 el primer caso de Coronavirus (COVID-19) en Puebla y el octavo en el pa\u00eds. Por medio de un comunicado, inform\u00f3 que se trata de un hombre de 47 a\u00f1os de edad, que lleg\u00f3 de Italia a la capital poblana por temas laborales con una empresa automotriz. Una hora [&hellip;]<\/p>\n","protected":false},"author":58,"featured_media":0,"comment_status":"open","ping_status":"open","sticky":false,"template":"","format":"standard","meta":{"footnotes":""},"categories":[3],"tags":[34956,27,26865,15624,18,698,23],"yst_prominent_words":[],"class_list":["post-191438","post","type-post","status-publish","format-standard","hentry","category-puebla","tag-covid-19","tag-hoyesnoticia","tag-jorge-humberto-uribe-tellez","tag-primer-caso","tag-puebla","tag-secretaria-de-salud","tag-slide"],"_links":{"self":[{"href":"https:\/\/sintesis.com.mx\/puebla\/wp-json\/wp\/v2\/posts\/191438"}],"collection":[{"href":"https:\/\/sintesis.com.mx\/puebla\/wp-json\/wp\/v2\/posts"}],"about":[{"href":"https:\/\/sintesis.com.mx\/puebla\/wp-json\/wp\/v2\/types\/post"}],"author":[{"embeddable":true,"href":"https:\/\/sintesis.com.mx\/puebla\/wp-json\/wp\/v2\/users\/58"}],"replies":[{"embeddable":true,"href":"https:\/\/sintesis.com.mx\/puebla\/wp-json\/wp\/v2\/comments?post=191438"}],"version-history":[{"count":0,"href":"https:\/\/sintesis.com.mx\/puebla\/wp-json\/wp\/v2\/posts\/191438\/revisions"}],"wp:attachment":[{"href":"https:\/\/sintesis.com.mx\/puebla\/wp-json\/wp\/v2\/media?parent=191438"}],"wp:term":[{"taxonomy":"category","embeddable":true,"href":"https:\/\/sintesis.com.mx\/puebla\/wp-json\/wp\/v2\/categories?post=191438"},{"taxonomy":"post_tag","embeddable":true,"href":"https:\/\/sintesis.com.mx\/puebla\/wp-json\/wp\/v2\/tags?post=191438"},{"taxonomy":"yst_prominent_words","embeddable":true,"href":"https:\/\/sintesis.com.mx\/puebla\/wp-json\/wp\/v2\/yst_prominent_words?post=191438"}],"curies":[{"name":"wp","href":"https:\/\/api.w.org\/{rel}","templated":true}]}}