{"id":194613,"date":"2020-04-21T15:20:18","date_gmt":"2020-04-21T20:20:18","guid":{"rendered":"https:\/\/sintesis.com.mx\/puebla\/?p=194613"},"modified":"2020-04-21T15:20:18","modified_gmt":"2020-04-21T20:20:18","slug":"puebla-cuenta-con-un-comite","status":"publish","type":"post","link":"https:\/\/sintesis.com.mx\/puebla\/2020\/04\/21\/puebla-cuenta-con-un-comite\/","title":{"rendered":"Puebla cuenta con un Comit\u00e9 de Indulto"},"content":{"rendered":"<p><strong>El estado de Puebla cuenta ya con el Comit\u00e9 de Indulto, el cual servir\u00e1 para que el gobernador del estado,<\/strong> otorgue la libertad a personas que fueron encarceladas injustamente como presos pol\u00edticos, personas de la tercera edad y mujeres con sentencias menores.<\/p>\n<p><strong>Esto derivado de que la tarde de este martes\u00a0 fue instalado el nuevo Comit\u00e9 en la entidad \u00a0tras ser aprobada la reforma al C\u00f3digo Penal del Estado<\/strong> por parte de los diputados en el mes de septiembre \u00a0de 2019, donde se le otorga al Ejecutivo la facultar de indultar a presos por razones humanitarias y de justicia.<\/p>\n<p><strong>As\u00ed lo confirm\u00f3 el presidente de la Junta de Gobierno y Coordinaci\u00f3n Pol\u00edtica del Congreso del Estado, Gabriel Biestro Medinilla<\/strong>, quien record\u00f3 que con esta toma de protesta del Comit\u00e9 a patrie de su conformaci\u00f3n el gobernador del Estado podr\u00e1 otorgar el perd\u00f3n a los presos que aplican en la ley y que en esta ocasi\u00f3n, son presos pol\u00edticos, ind\u00edgenas y mujeres con sentencias menores a 5 a\u00f1os.<\/p>\n<p>En entrevista manifest\u00f3 que este Comit\u00e9 est\u00e1 integrado por el Ejecutivo del Estado, Luis Miguel Barbosa Huerta, el presidente del Poder Legislativo, <strong>Gabriel Biestro Medinilla,<\/strong> el presidente del Poder Judicial H\u00e9ctor S\u00e1nchez S\u00e1nchez.<\/p>\n<p>As\u00ed el Secretario de Gobernaci\u00f3n David M\u00e9ndez M\u00e1rquez,\u00a0 quien lo presidir\u00e1, el Fiscal General Gilberto Higuera Bernal, el secretario de Seguridad P\u00fablica Raciel L\u00f3pez Salazar, el rector de la Escuela Libre de Derecho, Ricardo Antonio Silva D\u00edaz, el rector de la Universidad Iberoamericana Ernesto Patr\u00f3n S\u00e1nchez y representantes de la ONU y de la sociedad civil.<\/p>\n<p><strong>\u201cLo que se busca es agilizar el tema del indulto, sobre todo en estos momentos de crisis, Puebla sigue estando a la cabeza en ese tipo de temas y nos da mucho gusto, ya se tom\u00f3 protesta y lo que sigue es agilizar sobre todo en estos momentos de contingencia\u201d.<\/strong><\/p>\n<p>Biestro Medinilla garantiz\u00f3 que no existe el riesgo de que\u00a0 se liberen a personas que no cumplen con los requisitos establecidos en el C\u00f3digo Penal,\u00a0 sino al contrario, se pretende liberar a los que fueron perseguidos por sexenios pasados y encarcelar a los panistas que cometieron actos de corrupci\u00f3n.<\/p>\n<p>&nbsp;<\/p>\n<p><strong>Quien puede ser perdonado?<\/strong><\/p>\n<p><strong>De acuerdo al C\u00f3digo Penal del Estado, con la reforma aprobada en el mes de septiembre de 2019 se\u00f1ala que \u201cArt\u00edculo 122 De manera excepcional y discrecional<\/strong>, el Gobernador o Gobernadora podr\u00e1 otorgar el indulto, por cualquier delito del orden com\u00fan que no sea de los que merezcan prisi\u00f3n preventiva oficiosa o se clasifiquen como graves por la ley, previo dictamen del \u00f3rgano ejecutor de la sanci\u00f3n en el que informe respecto a la viabilidad o no del beneficio, expresando sus razones y fundamentos, siempre que sea por cuestiones humanitarias, sociales o de equidad, o existan indicios consistentes de violaciones graves a los derechos humanos de la persona sentenciada, y \u00e9sta, adem\u00e1s, de haber observado buena conducta durante su reclusi\u00f3n, re\u00fana alguno de los requisitos siguientes:<\/p>\n<p>I.- Que se trate de una persona ind\u00edgena, v\u00edctima de discriminaci\u00f3n por su pertenencia a un grupo, etnia y diversidad cultural o de alguna otra violaci\u00f3n grave a sus derechos humanos, en cuyo caso se analizar\u00e1n los usos, costumbres, tradiciones y cultura inherentes a dicha unidad social;<\/p>\n<p>II.- Que se trate de persona mayor de 70 a\u00f1os y que haya cumplido con al menos una cuarta parte de la pena privativa de la libertad impuesta, independientemente del tiempo de su duraci\u00f3n;<\/p>\n<p>III.- Que padezca una enfermedad en fase terminal, dictaminada por m\u00e9dico especialista o perito de Instituci\u00f3n de salud p\u00fablica, independientemente del tiempo compurgado;<\/p>\n<p>IV.- Que haya realizado acciones destacadas en beneficio de la comunidad, siempre y cuando se hayan realizado de manera l\u00edcita;<\/p>\n<p>V.- Que se trate de mujer, cuya pena privativa de la libertad sea menor de cinco a\u00f1os, desde una perspectiva de g\u00e9nero, o<\/p>\n<p>VI.- Que se trate de delitos cuyo origen revistan un car\u00e1cter pol\u00edtico.<\/p>\n","protected":false},"excerpt":{"rendered":"<p>El estado de Puebla cuenta ya con el Comit\u00e9 de Indulto, el cual servir\u00e1 para que el gobernador del estado, otorgue la libertad a personas que fueron encarceladas injustamente como presos pol\u00edticos, personas de la tercera edad y mujeres con sentencias menores. Esto derivado de que la tarde de este martes\u00a0 fue instalado el nuevo [&hellip;]<\/p>\n","protected":false},"author":26,"featured_media":0,"comment_status":"open","ping_status":"open","sticky":false,"template":"","format":"standard","meta":{"footnotes":""},"categories":[3],"tags":[39428,1960,3562,34169,18],"yst_prominent_words":[30670,35846,29848,29656,31355,31351,29567,39423,39430,31399,39421,39419,39426,39418,39427,39424,39420,39425,39422,39429],"class_list":["post-194613","post","type-post","status-publish","format-standard","hentry","category-puebla","tag-comite-de-indulto","tag-congreso-del-estado","tag-gabriel-biestro-medinilla","tag-gobernador-del-estado","tag-puebla"],"_links":{"self":[{"href":"https:\/\/sintesis.com.mx\/puebla\/wp-json\/wp\/v2\/posts\/194613"}],"collection":[{"href":"https:\/\/sintesis.com.mx\/puebla\/wp-json\/wp\/v2\/posts"}],"about":[{"href":"https:\/\/sintesis.com.mx\/puebla\/wp-json\/wp\/v2\/types\/post"}],"author":[{"embeddable":true,"href":"https:\/\/sintesis.com.mx\/puebla\/wp-json\/wp\/v2\/users\/26"}],"replies":[{"embeddable":true,"href":"https:\/\/sintesis.com.mx\/puebla\/wp-json\/wp\/v2\/comments?post=194613"}],"version-history":[{"count":0,"href":"https:\/\/sintesis.com.mx\/puebla\/wp-json\/wp\/v2\/posts\/194613\/revisions"}],"wp:attachment":[{"href":"https:\/\/sintesis.com.mx\/puebla\/wp-json\/wp\/v2\/media?parent=194613"}],"wp:term":[{"taxonomy":"category","embeddable":true,"href":"https:\/\/sintesis.com.mx\/puebla\/wp-json\/wp\/v2\/categories?post=194613"},{"taxonomy":"post_tag","embeddable":true,"href":"https:\/\/sintesis.com.mx\/puebla\/wp-json\/wp\/v2\/tags?post=194613"},{"taxonomy":"yst_prominent_words","embeddable":true,"href":"https:\/\/sintesis.com.mx\/puebla\/wp-json\/wp\/v2\/yst_prominent_words?post=194613"}],"curies":[{"name":"wp","href":"https:\/\/api.w.org\/{rel}","templated":true}]}}