{"id":201567,"date":"2020-08-04T15:34:37","date_gmt":"2020-08-04T20:34:37","guid":{"rendered":"https:\/\/sintesis.com.mx\/puebla\/?p=201567"},"modified":"2020-08-04T15:34:37","modified_gmt":"2020-08-04T20:34:37","slug":"buap-ganadores-jovenes","status":"publish","type":"post","link":"https:\/\/sintesis.com.mx\/puebla\/2020\/08\/04\/buap-ganadores-jovenes\/","title":{"rendered":"Preparatorianos BUAP, ganadores de J\u00f3venes en Acci\u00f3n, un programa del Departamento de Estado de USA"},"content":{"rendered":"<ul>\n<li class=\"rtejustify\"><strong>Entre cerca de 100 proyectos, el equipo de estudiantes de la Preparatoria Emiliano Zapata fue uno de los siete seleccionados<\/strong><\/li>\n<\/ul>\n<p class=\"rtejustify\">Con el proyecto de impacto social denominado\u00a0<em>Bucket,<\/em>\u00a0a trav\u00e9s del cual se busca cambiar malos h\u00e1bitos en el uso y aprovechamiento del agua, estudiantes de la Preparatoria Emiliano Zapata de la BUAP fueron uno de los siete seleccionados, de entre 100 propuestas, para participar en J\u00f3venes en Acci\u00f3n, un programa del Departamento de Estado de los Estados Unidos Americanos.<\/p>\n<p class=\"rtejustify\">Con esta nominaci\u00f3n, los alumnos de primer y segundo a\u00f1o, de los turnos matutino y vespertino, Zayra Patricia Zambrano Monroy, Emiliano Guti\u00e9rrez Castillo, Samantha Segreste Hern\u00e1ndez y Adonai Najera Rosas, hicieron posible que por cuarta ocasi\u00f3n la Preparatoria Emiliano Zapata de la BUAP se distinguiera con equipos ganadores en este concurso representado en el pa\u00eds por la Embajada de M\u00e9xico y la Secretar\u00eda de Educaci\u00f3n P\u00fablica.<\/p>\n<figure id=\"attachment_201574\" aria-describedby=\"caption-attachment-201574\" style=\"width: 364px\" class=\"wp-caption aligncenter\"><img loading=\"lazy\" decoding=\"async\" class=\" wp-image-201574\" src=\"https:\/\/sintesis.com.mx\/puebla\/wp-content\/uploads\/2020\/08\/B-Prep-Zapata-1.jpg\" alt=\"\" width=\"364\" height=\"242\" \/><figcaption id=\"caption-attachment-201574\" class=\"wp-caption-text\">Ganadores de J\u00f3venes en Acci\u00f3n<\/figcaption><\/figure>\n<p class=\"rtejustify\">Guiados por su mentora, Arely Xcaret Melo Vera, docente de la asignatura Lenguaje y Procesos de Escritura para la Investigaci\u00f3n, los alumnos ganadores desarrollaron el citado proyecto enmarcado en la l\u00ednea tem\u00e1tica Acceso a entornos saludables (agua y saneamiento), con el cual resultaron nominados para estar dentro de J\u00f3venes en Acci\u00f3n, un programa que promueve el liderazgo entre preparatorianos de instituciones p\u00fablicas y privadas, al incentivarlos a construir propuestas que atiendan problem\u00e1ticas sociales.<\/p>\n<p class=\"rtejustify\">El objetivo de\u00a0<em>Bucket<\/em>\u00a0es dise\u00f1ar mecanismos para la obtenci\u00f3n, almacenamiento y saneamiento del agua, as\u00ed como para la captaci\u00f3n de agua pluvial. De acuerdo con Arely Melo, el proyecto consiste en promover acciones para el cuidado del agua en la escuela y en la casa, mediante actividades que conduzcan a la sensibilizaci\u00f3n y concientizaci\u00f3n del problema, adem\u00e1s de proponer estrategias para la recolecci\u00f3n y aprovechamiento del l\u00edquido.<\/p>\n<p class=\"rtejustify\">Debido a la pandemia por <a href=\"https:\/\/sintesis.com.mx\/puebla\/2020\/08\/04\/mueren-85-trabajadores-de-la-salud-por\/\">COVID-19<\/a>, hay un retraso en el cumplimiento de las fechas del proceso, el cual iniciar\u00eda en julio con un viaje a Estados Unidos para capacitar a los equipos y fortalecer su dominio del idioma ingl\u00e9s, explica su mentora Arely Melo; sin embargo, precisa, de agosto a noviembre pr\u00f3ximo los j\u00f3venes tendr\u00e1n la capacitaci\u00f3n en l\u00ednea y posteriormente pondr\u00e1n en marcha las actividades propuestas en su proyecto.<\/p>\n<p class=\"rtejustify\">\u201cEl proceso tiene una duraci\u00f3n de once meses que deben cubrir en todo momento con resultados del trabajo, este debe tener un impacto significativo. Los estudiantes no reciben dinero y por ello deben buscar los mecanismos para sustentar el proyecto. En estos momentos est\u00e1n en el proceso de difusi\u00f3n, la creaci\u00f3n de redes sociales para promover la propuesta y en la b\u00fasqueda de apoyo para aterrizar de la mejor manera la idea propuesta\u201d, se\u00f1ala.<\/p>\n<p class=\"rtejustify\">Los preparatorianos ganadores de la Zapata, Zayra Patricia Zambrano Monroy, Emiliano Guti\u00e9rrez Castillo, Samantha Segreste Hern\u00e1ndez y Adonai Najera Rosas, tienen hasta noviembre del 2021 para echar a andar el proyecto y entregar resultados, con lo cual recibir\u00e1n como premio un viaje a Estados Unidos, pagado por la Embajada de M\u00e9xico y la SEP, pa\u00eds donde compartir\u00e1n experiencias con sus pares y fortalecer\u00e1n su dominio del idioma ingl\u00e9s, un requisito que les permiti\u00f3 participar en J\u00f3venes en Acci\u00f3n.<\/p>\n<p class=\"rtejustify\">\u201cConsidero que el m\u00e9rito m\u00e1s importante es la oportunidad de participar en este equipo, aprender a trabajar en colectividad y bajo una causa social que puede lograr un cambio importante en su escuela, en la comunidad estudiantil, en sus familias\u201d, expresa Arely Melo, docente con 12 a\u00f1os de antig\u00fcedad en la BUAP, quien adem\u00e1s de orientar la redacci\u00f3n, metodolog\u00eda y viabilidad de la investigaci\u00f3n, ha contribuido a gestionar apoyos para mantener el trabajo colectivo, la empat\u00eda y la responsabilidad del equipo.<\/p>\n<p class=\"rtejustify\">J\u00f3venes en Acci\u00f3n es una iniciativa binacional que comenz\u00f3 en 2010, gracias a los esfuerzos de las embajadas de M\u00e9xico y Estados Unidos. A trav\u00e9s de este programa se busca explorar problemas sociales que afectan a ambos pa\u00edses; a la fecha cuenta con 773 ex becarios de 28 estados del pa\u00eds. Los temas de la convocatoria 2020 fueron acceso a entornos saludables, acoso escolar, creatividad, <a href=\"https:\/\/sintesis.com.mx\/puebla\/2020\/08\/04\/ciencia-casa-buap\/\">innovaci\u00f3n<\/a> y emprendimiento, cultura financiera, deserci\u00f3n escolar, discriminaci\u00f3n, metodolog\u00eda y tecnolog\u00eda para el aprendizaje del ingl\u00e9s, prevenci\u00f3n del consumo de sustancias nocivas y violencia dom\u00e9stica.<\/p>\n","protected":false},"excerpt":{"rendered":"<p>Con el proyecto de impacto social denominado\u00a0Bucket,\u00a0a trav\u00e9s del cual se busca cambiar malos h\u00e1bitos en el uso y aprovechamiento del agua<\/p>\n","protected":false},"author":82,"featured_media":0,"comment_status":"open","ping_status":"open","sticky":false,"template":"","format":"standard","meta":{"footnotes":""},"categories":[46847,3,11],"tags":[311,47256,47550,23],"yst_prominent_words":[47543,47541,47532,47546,47545,47542,47533,47536,47549,47540,47531,47538,47529,47544,47534,47535,47539,47530,47537,47528],"class_list":["post-201567","post","type-post","status-publish","format-standard","hentry","category-esfera-universitaria","category-puebla","category-slide","tag-buap","tag-esfera-universitaria","tag-jovenes-en-accion","tag-slide"],"_links":{"self":[{"href":"https:\/\/sintesis.com.mx\/puebla\/wp-json\/wp\/v2\/posts\/201567"}],"collection":[{"href":"https:\/\/sintesis.com.mx\/puebla\/wp-json\/wp\/v2\/posts"}],"about":[{"href":"https:\/\/sintesis.com.mx\/puebla\/wp-json\/wp\/v2\/types\/post"}],"author":[{"embeddable":true,"href":"https:\/\/sintesis.com.mx\/puebla\/wp-json\/wp\/v2\/users\/82"}],"replies":[{"embeddable":true,"href":"https:\/\/sintesis.com.mx\/puebla\/wp-json\/wp\/v2\/comments?post=201567"}],"version-history":[{"count":0,"href":"https:\/\/sintesis.com.mx\/puebla\/wp-json\/wp\/v2\/posts\/201567\/revisions"}],"wp:attachment":[{"href":"https:\/\/sintesis.com.mx\/puebla\/wp-json\/wp\/v2\/media?parent=201567"}],"wp:term":[{"taxonomy":"category","embeddable":true,"href":"https:\/\/sintesis.com.mx\/puebla\/wp-json\/wp\/v2\/categories?post=201567"},{"taxonomy":"post_tag","embeddable":true,"href":"https:\/\/sintesis.com.mx\/puebla\/wp-json\/wp\/v2\/tags?post=201567"},{"taxonomy":"yst_prominent_words","embeddable":true,"href":"https:\/\/sintesis.com.mx\/puebla\/wp-json\/wp\/v2\/yst_prominent_words?post=201567"}],"curies":[{"name":"wp","href":"https:\/\/api.w.org\/{rel}","templated":true}]}}