{"id":204216,"date":"2020-08-25T17:41:39","date_gmt":"2020-08-25T22:41:39","guid":{"rendered":"https:\/\/sintesis.com.mx\/puebla\/?p=204216"},"modified":"2020-08-25T17:41:39","modified_gmt":"2020-08-25T22:41:39","slug":"propone-juventud-campana-semanal","status":"publish","type":"post","link":"https:\/\/sintesis.com.mx\/puebla\/2020\/08\/25\/propone-juventud-campana-semanal\/","title":{"rendered":"Propone Instituto de la Juventud campa\u00f1a semanal para concientizar sobre acoso virtual"},"content":{"rendered":"<p>Dentro de las <strong>actividades<\/strong> del mes de la <strong>juventud<\/strong>, el Instituto Municipal de la Juventud propuso la generaci\u00f3n de una campa\u00f1a semanal para <strong>concientizar<\/strong> sobre acoso virtual a trav\u00e9s del <a href=\"https:\/\/sintesis.com.mx\/puebla\/2020\/08\/25\/ayuntamiento-puebla-capacita-negocios\/\"><strong>Violent\u00f3metro<\/strong><\/a> <strong>Virtual<\/strong>, creado por el Instituto Polit\u00e9cnico Nacional y cuyo permiso y uso institucional para su reproducci\u00f3n ya lo tiene el <a href=\"https:\/\/twitter.com\/PueblaAyto?ref_src=twsrc%5Egoogle%7Ctwcamp%5Eserp%7Ctwgr%5Eauthor\"><strong>Ayuntamiento de Puebla<\/strong><\/a>.<\/p>\n<p>Sol Cort\u00e9s Bautista, titular del Instituto Municipal de la Juventud, en el marco del D\u00eda internacional para erradicar la violencia en contra de la mujer, inform\u00f3 que gracias a la gesti\u00f3n hecha por la Secretar\u00eda de Igualdad Sustantiva de G\u00e9nero, se han logrado los permisos para que el Ayuntamiento no s\u00f3lo difunda este instrumento, tambi\u00e9n para que lo reproduzca.<\/p>\n<p>En este sentido, el d\u00eda mi\u00e9rcoles 26 de agosto a trav\u00e9s de las redes sociales del Instituto Municipal de la Juventud habr\u00e1 una charla para hablar sobre el Violent\u00f3metro Virtual, cu\u00e1l es su objetivo y c\u00f3mo se busca vincular con la ciudadan\u00eda.<\/p>\n<p>\u201cNos sumamos a las acciones encabezadas por la presidenta municipal, con perspectiva de juventud. Una de las premisas del movimiento ha sido crear espacios seguros y en el marco del mes de la juventud queremos poner \u00e9nfasis en el espacio digital\u201d, apunt\u00f3 Cort\u00e9s Bautista.<\/p>\n<p>Esto debido a que el 40 por ciento de las mujeres de 12 a\u00f1os o m\u00e1s, han sido v\u00edctimas de ciberacoso y durante los \u00faltimos 12 meses han recibido insinuaciones o propuestas sexuales, mientras que el 33 por ciento de los hombres han sido v\u00edctimas del mismo delito y es por eso la importancia de poner \u00e9nfasis en este tipo de violencia que traviesan los j\u00f3venes.<\/p>\n<p>\u201cSeparar los\u00a0 mundos virtual y material contribuye a que la violencia en l\u00ednea no se considere real y a que no se tengan en cuenta los graves efectos que la violencia digital tiene en la vida de mujeres, ni\u00f1as y adolescentes, (\u2026) sabemos que en diciembre de 2018 se incluy\u00f3 el delito contra la intimidad referente a la difusi\u00f3n de im\u00e1genes intimas sin consentimiento y en abril se agreg\u00f3 el delito de ciberacoso, pero falta mucho\u201d, a\u00f1adi\u00f3 Cort\u00e9s Bautista.<\/p>\n<p>A trav\u00e9s del Instituto Municipal de la Juventud se han desarrollado actividades de contenci\u00f3n para este tipo de violencia. Por ejemplo en junio con la activista Olimpia Coral, a trav\u00e9s del programa \u201cCon\u00e9ctate\u201d, se dio el taller de t\u00e9cnicas de ciberseguridad, donde se habl\u00f3 de mecanismos que ayudan a evitar el ciberacoso y la violencia digital.<\/p>\n<p>Por otro lado se abri\u00f3 el espacio de \u201cPedagog\u00eda de la violencia\u201d dirigido a los hombres para determinar cu\u00e1l es su papel en esta violencia y que ellos tambi\u00e9n tengan un espacio para hablar y discutir sobre el tema. Y bajo el t\u00edtulo \u201cSin salud mental, no hay salud\u201d, hubo una charla sobre la violencia en el noviazgo con perspectivas psicol\u00f3gicas y sociol\u00f3gicas.<\/p>\n","protected":false},"excerpt":{"rendered":"<p>Dentro de las actividades del mes de la juventud, el Instituto Municipal de la Juventud propuso la generaci\u00f3n de una campa\u00f1a semanal para concientizar sobre acoso virtual a trav\u00e9s del Violent\u00f3metro Virtual, creado por el Instituto Polit\u00e9cnico Nacional y cuyo permiso y uso institucional para su reproducci\u00f3n ya lo tiene el Ayuntamiento de Puebla. Sol [&hellip;]<\/p>\n","protected":false},"author":13,"featured_media":0,"comment_status":"open","ping_status":"open","sticky":false,"template":"","format":"standard","meta":{"footnotes":""},"categories":[3],"tags":[48392,995,10527,50875,41,27,8254,2110,50892,25943,18,8253,50891],"yst_prominent_words":[32381,31963,32983,30520,36928,30259,32278,42597,50886,33978,29816,50887,50890,50888,30142,31782,50889,40190],"class_list":["post-204216","post","type-post","status-publish","format-standard","hentry","category-puebla","tag-al-momento","tag-ayuntamiento-de-puebla","tag-claudia-rivera-vivanco","tag-dia-internacional-para-erradicar-la-violencia-contra-la-mujer","tag-es-noticia","tag-hoyesnoticia","tag-hoyesnoticiaapp","tag-instituto-municipal-de-la-juventud","tag-instituto-politecnico-nacional","tag-maria-del-sol-cortes-bautista","tag-puebla","tag-slideapp","tag-violentometro-vitural"],"_links":{"self":[{"href":"https:\/\/sintesis.com.mx\/puebla\/wp-json\/wp\/v2\/posts\/204216"}],"collection":[{"href":"https:\/\/sintesis.com.mx\/puebla\/wp-json\/wp\/v2\/posts"}],"about":[{"href":"https:\/\/sintesis.com.mx\/puebla\/wp-json\/wp\/v2\/types\/post"}],"author":[{"embeddable":true,"href":"https:\/\/sintesis.com.mx\/puebla\/wp-json\/wp\/v2\/users\/13"}],"replies":[{"embeddable":true,"href":"https:\/\/sintesis.com.mx\/puebla\/wp-json\/wp\/v2\/comments?post=204216"}],"version-history":[{"count":0,"href":"https:\/\/sintesis.com.mx\/puebla\/wp-json\/wp\/v2\/posts\/204216\/revisions"}],"wp:attachment":[{"href":"https:\/\/sintesis.com.mx\/puebla\/wp-json\/wp\/v2\/media?parent=204216"}],"wp:term":[{"taxonomy":"category","embeddable":true,"href":"https:\/\/sintesis.com.mx\/puebla\/wp-json\/wp\/v2\/categories?post=204216"},{"taxonomy":"post_tag","embeddable":true,"href":"https:\/\/sintesis.com.mx\/puebla\/wp-json\/wp\/v2\/tags?post=204216"},{"taxonomy":"yst_prominent_words","embeddable":true,"href":"https:\/\/sintesis.com.mx\/puebla\/wp-json\/wp\/v2\/yst_prominent_words?post=204216"}],"curies":[{"name":"wp","href":"https:\/\/api.w.org\/{rel}","templated":true}]}}