{"id":205980,"date":"2020-09-10T10:23:13","date_gmt":"2020-09-10T15:23:13","guid":{"rendered":"https:\/\/sintesis.com.mx\/puebla\/?p=205980"},"modified":"2020-09-10T11:03:40","modified_gmt":"2020-09-10T16:03:40","slug":"festejemos-casa-san-andres-cholula","status":"publish","type":"post","link":"https:\/\/sintesis.com.mx\/puebla\/2020\/09\/10\/festejemos-casa-san-andres-cholula\/","title":{"rendered":"Festejemos desde casa, invitan en San Andr\u00e9s Cholula"},"content":{"rendered":"<p><strong>San Andr\u00e9s Cholula.<\/strong> Pese a que la <a href=\"https:\/\/sintesis.com.mx\/puebla\/2020\/09\/08\/jornada-deteccion-enfermedades-2\/\"><strong>pandemia<\/strong><\/a> por el virus Sar-Cov 2 continua, en el municipio de <a href=\"https:\/\/twitter.com\/SnAndresOficial?ref_src=twsrc%5Egoogle%7Ctwcamp%5Eserp%7Ctwgr%5Eauthor\"><strong>San Andr\u00e9s Cholula<\/strong><\/a> se invita a que la fecha de la <strong>Independencia<\/strong> de <strong>M\u00e9xico<\/strong> no pase desapercibida y lograr que haya luz y alegr\u00eda la noche del 15 de septiembre con el programa \u00abFestejemos desde la distancia y festejemos desde casa\u00bb.<\/p>\n<p><strong>X\u00f3chitl Flores Herrera<\/strong>, titular de Arte y Cultura del municipio sanandrese\u00f1o, manifest\u00f3 que adem\u00e1s esta fecha servir\u00e1 para realizar un homenaje a los hombres y mujeres que est\u00e1n dando la batalla en los hospitales, a todos los m\u00e9dicos y enfermeras.<\/p>\n<p>El 15 de septiembre se plantea la realizaci\u00f3n de la ceremonia conmemorativa, evento que ser\u00e1 a puerta cerrada y que ser\u00e1 transmitido a trav\u00e9s de redes sociales para que los sanandrese\u00f1os sean parte de este acto, \u201cestamos invitando a todos los habitantes que suban a sus azoteas, que salgan a la ventana ya que se realizar\u00e1 un espect\u00e1culo de juegos pirot\u00e9cnicos y en coordinaci\u00f3n con los sindigos de los barrios y de las iglesias previo al espect\u00e1culo se tocar\u00e1n las campanas de las parroquias asentadas en el municipio\u201d<\/p>\n<p>Reconoci\u00f3 que esta es una regi\u00f3n acostumbrada a las fiestas y estas fechas han generado nostalgia, pero el simple hecho de que toquen las campanas tendr\u00e1 un mayor significado puesto que hoy las campanas s\u00f3lo redobla por aquellos que fallecieron.<\/p>\n<p>\u201cPodr\u00e1n disfrutar de los juegos pirot\u00e9cnicos y del toque de las campanas, si bien no estamos juntos y no habr\u00e1 verbena es una manera de festejar y no dejar pasar este momento \u201c<\/p>\n<p>Expres\u00f3 que a la par se dispondr\u00e1 de un dispositivo de seguridad para evitar que se coloquen puestos en la zona, y que algunos habitantes acudan al z\u00f3calo municipal<\/p>\n","protected":false},"excerpt":{"rendered":"<p>San Andr\u00e9s Cholula. Pese a que la pandemia por el virus Sar-Cov 2 continua, en el municipio de San Andr\u00e9s Cholula se invita a que la fecha de la Independencia de M\u00e9xico no pase desapercibida y lograr que haya luz y alegr\u00eda la noche del 15 de septiembre con el programa \u00abFestejemos desde la distancia [&hellip;]<\/p>\n","protected":false},"author":6,"featured_media":0,"comment_status":"open","ping_status":"open","sticky":false,"template":"","format":"standard","meta":{"footnotes":""},"categories":[12,9],"tags":[20407,44963,53370,28,18,59,27388],"yst_prominent_words":[30319,51336,31093,31090,33211,30798,30839,30837,53368,30066,31683,51181,29781,53369,29640,31089,31087,40876,29992],"class_list":["post-205980","post","type-post","status-publish","format-standard","hentry","category-cholula","category-municipios","tag-arte-y-cultura","tag-arte-y-cultura-san-andres-cholula","tag-independencia-de-mexico","tag-municipios","tag-puebla","tag-san-andres-cholula","tag-xochitl-flores-herrera"],"_links":{"self":[{"href":"https:\/\/sintesis.com.mx\/puebla\/wp-json\/wp\/v2\/posts\/205980"}],"collection":[{"href":"https:\/\/sintesis.com.mx\/puebla\/wp-json\/wp\/v2\/posts"}],"about":[{"href":"https:\/\/sintesis.com.mx\/puebla\/wp-json\/wp\/v2\/types\/post"}],"author":[{"embeddable":true,"href":"https:\/\/sintesis.com.mx\/puebla\/wp-json\/wp\/v2\/users\/6"}],"replies":[{"embeddable":true,"href":"https:\/\/sintesis.com.mx\/puebla\/wp-json\/wp\/v2\/comments?post=205980"}],"version-history":[{"count":0,"href":"https:\/\/sintesis.com.mx\/puebla\/wp-json\/wp\/v2\/posts\/205980\/revisions"}],"wp:attachment":[{"href":"https:\/\/sintesis.com.mx\/puebla\/wp-json\/wp\/v2\/media?parent=205980"}],"wp:term":[{"taxonomy":"category","embeddable":true,"href":"https:\/\/sintesis.com.mx\/puebla\/wp-json\/wp\/v2\/categories?post=205980"},{"taxonomy":"post_tag","embeddable":true,"href":"https:\/\/sintesis.com.mx\/puebla\/wp-json\/wp\/v2\/tags?post=205980"},{"taxonomy":"yst_prominent_words","embeddable":true,"href":"https:\/\/sintesis.com.mx\/puebla\/wp-json\/wp\/v2\/yst_prominent_words?post=205980"}],"curies":[{"name":"wp","href":"https:\/\/api.w.org\/{rel}","templated":true}]}}