{"id":209213,"date":"2020-10-09T22:16:00","date_gmt":"2020-10-10T03:16:00","guid":{"rendered":"https:\/\/sintesis.com.mx\/puebla\/?p=209213"},"modified":"2020-10-09T22:16:00","modified_gmt":"2020-10-10T03:16:00","slug":"la-poesia-coraza-la-adversidad","status":"publish","type":"post","link":"https:\/\/sintesis.com.mx\/puebla\/2020\/10\/09\/la-poesia-coraza-la-adversidad\/","title":{"rendered":"La poes\u00eda es coraza en la adversidad"},"content":{"rendered":"<p><strong><em>\u201cLa poes\u00eda es coraza en d\u00edas aciagos \u00ab<\/em><\/strong><\/p>\n<p><strong>Abel P\u00e9rez Rojas<\/strong><\/p>\n<p>La poes\u00eda tiene un encanto que est\u00e1 a la vista de todos, tiene una especie de maleabilidad que de un momento a otro puede cobrar formas infinitas; en esa cualidad de transformaci\u00f3n, la poes\u00eda es coraza en la adversidad.<\/p>\n<p>No es s\u00f3lo una cuesti\u00f3n recursiva, la poes\u00eda \u2013justo es decir, por extensi\u00f3n, que todas las artes-\u00a0 tiene una dinamia que da fortaleza, valor y vida.<\/p>\n<p>En tiempos del Covid-19 muchos lo hemos experimentado.<\/p>\n<p>Yo soy uno de ellos.<\/p>\n<p>Todas las noches de transmisiones de <strong><em>#Poes\u00edaalasocho<\/em><\/strong> o <strong><em>#Poes\u00edaalasdiez<\/em><\/strong> empiezo diciendo:<\/p>\n<p>\u201cAqu\u00ed estamos en #Poes\u00edaalasdiez poni\u00e9ndole el pecho a lo que venga, acorazados con la poes\u00eda transitamos los d\u00edas aciagos del Covid-19\u201d.<\/p>\n<p>Esas palabras son mucho m\u00e1s que una frase hecha o una simple entrada que da pie a lo que sigue.<\/p>\n<p>Para m\u00ed es una proclama, una declaratoria estoica cargada de temple y resiliencia cimentada en el valor de la palabra y la infinitud del Logos.<\/p>\n<p>Es asumir las bondades de la poes\u00eda e imaginar que se trata de una especie de exoesqueleto extremadamente sofisticado que facilita tocar la intimidad de las personas y la propia.<\/p>\n<p>Nanotecnolog\u00eda que es veh\u00edculo para adentrarse en los mundos sutiles y ah\u00ed enhebrar poco a poco esa pel\u00edcula que pasa inadvertida, pero que, de ser necesario, aflora la consistencia de la fragilidad, que es pilar y contenci\u00f3n para no derivar en nuestra parte salvaje y bestial.<\/p>\n<p>Es poner a salvo el pecho, el coraz\u00f3n, el cerebro, la mente y lo que somos gracias al caparaz\u00f3n po\u00e9tico que recuerda la vestimenta de H\u00e9rcules con la piel del Le\u00f3n de Nemea.<\/p>\n<p>Adoptar el ejercicio po\u00e9tico como convicci\u00f3n profunda, trascendiendo con ello la l\u00edrica, es sumergirse en el oc\u00e9ano de la filosof\u00eda y responder las profundas interrogantes que dan sentido a la existencia.<\/p>\n<p>Siendo conscientes de la potencia que radica en la poes\u00eda, es entendible el valor social e individual de \u00e9sta.<\/p>\n<p>Terreno f\u00e9rtil a la recreaci\u00f3n, a la introspecci\u00f3n, a la meditaci\u00f3n, para ascender y descender por la escalera que une lo de arriba con lo de abajo.<\/p>\n<p>Armadura que vincula al poeta con la actitud decidida, so\u00f1adora y atrevida del Quijote, que en palabras de <strong>Le\u00f3n Felipe<\/strong> se oye as\u00ed:<\/p>\n<p><em>\u201cPor la manchega llanura<\/em><\/p>\n<p><em>se vuelve a ver la figura<\/em><\/p>\n<p><em>de don quijote pasar.<\/em><\/p>\n<p><em>\u201cY ahora ociosa y abollada va en el rucio la armadura,<\/em><\/p>\n<p><em>y va ocioso el caballero, sin peto y sin espaldar,<\/em><\/p>\n<p><em>va cargado de amargura,<\/em><\/p>\n<p><em>que all\u00e1 encontr\u00f3 sepultura<\/em><\/p>\n<p><em>su amoroso batallar\u201d.<\/em><\/p>\n<p>En ese sentido me pregunto: <strong>\u00bfqu\u00e9 ser\u00eda de m\u00ed sin esta armadura po\u00e9tica que a cada rato protege mi cuerpo, mi mente y todo mi ser?<\/strong><\/p>\n<p>Me compromete experimentar y saber todo esto, mientras miles deambulan apaleados por la adversidad sin oasis al cual asirse y poner certeza a su andar.<\/p>\n<p><strong>Soy un afortunado, un bendecido, por estar haciendo frente a d\u00edas aciagos con un pecho acorazado de poes\u00eda,<\/strong> \u00bfo no?<\/p>\n<p>Nos vemos en mi pr\u00f3xima entrega. Hasta entonces.<\/p>\n<p><strong>Abel P\u00e9rez Rojas<\/strong> (@abelpr5) es escritor y educador permanente. Dirige <strong><em>Sabersinfin.com<\/em><\/strong><\/p>\n","protected":false},"excerpt":{"rendered":"<p>\u201cLa poes\u00eda es coraza en d\u00edas aciagos \u00ab Abel P\u00e9rez Rojas La poes\u00eda tiene un encanto que est\u00e1 a la vista de todos, tiene una especie de maleabilidad que de un momento a otro puede cobrar formas infinitas; en esa cualidad de transformaci\u00f3n, la poes\u00eda es coraza en la adversidad. No es s\u00f3lo una cuesti\u00f3n [&hellip;]<\/p>\n","protected":false},"author":119,"featured_media":202094,"comment_status":"open","ping_status":"open","sticky":false,"template":"","format":"standard","meta":{"footnotes":""},"categories":[7],"tags":[5669],"yst_prominent_words":[57258,53171,53166,51944,57256,36654,57257,57255,35403,31927,39793,42654,52652,31587,53167,47039,33036,33082,40348],"class_list":["post-209213","post","type-post","status-publish","format-standard","has-post-thumbnail","hentry","category-vox","tag-vox"],"_links":{"self":[{"href":"https:\/\/sintesis.com.mx\/puebla\/wp-json\/wp\/v2\/posts\/209213"}],"collection":[{"href":"https:\/\/sintesis.com.mx\/puebla\/wp-json\/wp\/v2\/posts"}],"about":[{"href":"https:\/\/sintesis.com.mx\/puebla\/wp-json\/wp\/v2\/types\/post"}],"author":[{"embeddable":true,"href":"https:\/\/sintesis.com.mx\/puebla\/wp-json\/wp\/v2\/users\/119"}],"replies":[{"embeddable":true,"href":"https:\/\/sintesis.com.mx\/puebla\/wp-json\/wp\/v2\/comments?post=209213"}],"version-history":[{"count":0,"href":"https:\/\/sintesis.com.mx\/puebla\/wp-json\/wp\/v2\/posts\/209213\/revisions"}],"wp:featuredmedia":[{"embeddable":true,"href":"https:\/\/sintesis.com.mx\/puebla\/wp-json\/wp\/v2\/media\/202094"}],"wp:attachment":[{"href":"https:\/\/sintesis.com.mx\/puebla\/wp-json\/wp\/v2\/media?parent=209213"}],"wp:term":[{"taxonomy":"category","embeddable":true,"href":"https:\/\/sintesis.com.mx\/puebla\/wp-json\/wp\/v2\/categories?post=209213"},{"taxonomy":"post_tag","embeddable":true,"href":"https:\/\/sintesis.com.mx\/puebla\/wp-json\/wp\/v2\/tags?post=209213"},{"taxonomy":"yst_prominent_words","embeddable":true,"href":"https:\/\/sintesis.com.mx\/puebla\/wp-json\/wp\/v2\/yst_prominent_words?post=209213"}],"curies":[{"name":"wp","href":"https:\/\/api.w.org\/{rel}","templated":true}]}}