{"id":213902,"date":"2020-11-19T13:09:35","date_gmt":"2020-11-19T19:09:35","guid":{"rendered":"https:\/\/sintesis.com.mx\/puebla\/?p=213902"},"modified":"2020-11-19T13:09:35","modified_gmt":"2020-11-19T19:09:35","slug":"ayuntamiento-puebla-mejora-2","status":"publish","type":"post","link":"https:\/\/sintesis.com.mx\/puebla\/2020\/11\/19\/ayuntamiento-puebla-mejora-2\/","title":{"rendered":"Ayuntamiento de Puebla mejora la accesibilidad a colonias del norte de la ciudad"},"content":{"rendered":"<p>El <strong>Gobierno<\/strong> de la <a href=\"https:\/\/twitter.com\/PueblaAyto?ref_src=twsrc%5Egoogle%7Ctwcamp%5Eserp%7Ctwgr%5Eauthor\"><strong>Ciudad de Puebla<\/strong><\/a>, encabezado por Claudia Rivera Vivanco, inaugur\u00f3 la <strong><a href=\"https:\/\/sintesis.com.mx\/puebla\/2020\/11\/19\/ofrece-ayuntamiento-puebla\/\">Avenida<\/a> Jos\u00e9 Mar\u00eda La Fragua<\/strong>, rehabilitada para garantizar en el corto, mediano y largo plazo un buen <strong>funcionamiento<\/strong> de la <strong>red vial<\/strong>.<\/p>\n<p>Con una inversi\u00f3n de 20 millones 213 mil 213 pesos, se pavimentaron 28 mil 584 metros cuadrados de esta avenida entre las calles Tecamachalco y San Antonio llegando a m\u00e1s de seis mil personas de las colonias Sat\u00e9lite y Plazas Amalucan, as\u00ed como las unidades habitacionales Amalucan y Manuel Rivera Anaya.<\/p>\n<p>Al respecto, la alcaldesa destac\u00f3 la importancia del mantenimiento vial preventivo, como el que se realiz\u00f3 en esta avenida, para mejorar la calidad de vida de los habitantes de la ciudad de Puebla. \u00abEstas acciones permiten, no solamente tener una mejor movilidad, tambi\u00e9n una apropiaci\u00f3n del espacio p\u00fablico. Son acciones de justicia social\u201d.<\/p>\n<p>Dicha avenida no se hab\u00eda intervenido de forma integral en m\u00e1s de siete a\u00f1os, por lo que ya se encontraba deteriorada y como parte de la estrategia de movilidad incluyente, se realizaron cinco pasos a nivel de banqueta a lo largo de la avenida.<\/p>\n<p>En el evento estuvieron presentes Cinthya Ju\u00e1rez Rom\u00e1n, regidora presidenta de la Comisi\u00f3n de Servicios P\u00fablicos, \u00c1ngel Rivera Ortega, regidor presidente de la Comisi\u00f3n de Infraestructura y Obra P\u00fablica, y vecinos de la zona.<\/p>\n<p>&nbsp;<\/p>\n","protected":false},"excerpt":{"rendered":"<p>El Gobierno de la Ciudad de Puebla, encabezado por Claudia Rivera Vivanco, inaugur\u00f3 la Avenida Jos\u00e9 Mar\u00eda La Fragua, rehabilitada para garantizar en el corto, mediano y largo plazo un buen funcionamiento de la red vial. Con una inversi\u00f3n de 20 millones 213 mil 213 pesos, se pavimentaron 28 mil 584 metros cuadrados de esta [&hellip;]<\/p>\n","protected":false},"author":26,"featured_media":0,"comment_status":"open","ping_status":"open","sticky":false,"template":"","format":"standard","meta":{"footnotes":""},"categories":[3,11],"tags":[63232,425,22662,2009,3298,55670,28103,18,23,8253],"yst_prominent_words":[29925,40234,34030,29666,29764,29898,29720,29562,29661,31870],"class_list":["post-213902","post","type-post","status-publish","format-standard","hentry","category-puebla","category-slide","tag-accesibilidad","tag-ayuntamiento","tag-ciudad","tag-colonias","tag-gobierno","tag-mejora","tag-norte","tag-puebla","tag-slide","tag-slideapp"],"_links":{"self":[{"href":"https:\/\/sintesis.com.mx\/puebla\/wp-json\/wp\/v2\/posts\/213902"}],"collection":[{"href":"https:\/\/sintesis.com.mx\/puebla\/wp-json\/wp\/v2\/posts"}],"about":[{"href":"https:\/\/sintesis.com.mx\/puebla\/wp-json\/wp\/v2\/types\/post"}],"author":[{"embeddable":true,"href":"https:\/\/sintesis.com.mx\/puebla\/wp-json\/wp\/v2\/users\/26"}],"replies":[{"embeddable":true,"href":"https:\/\/sintesis.com.mx\/puebla\/wp-json\/wp\/v2\/comments?post=213902"}],"version-history":[{"count":0,"href":"https:\/\/sintesis.com.mx\/puebla\/wp-json\/wp\/v2\/posts\/213902\/revisions"}],"wp:attachment":[{"href":"https:\/\/sintesis.com.mx\/puebla\/wp-json\/wp\/v2\/media?parent=213902"}],"wp:term":[{"taxonomy":"category","embeddable":true,"href":"https:\/\/sintesis.com.mx\/puebla\/wp-json\/wp\/v2\/categories?post=213902"},{"taxonomy":"post_tag","embeddable":true,"href":"https:\/\/sintesis.com.mx\/puebla\/wp-json\/wp\/v2\/tags?post=213902"},{"taxonomy":"yst_prominent_words","embeddable":true,"href":"https:\/\/sintesis.com.mx\/puebla\/wp-json\/wp\/v2\/yst_prominent_words?post=213902"}],"curies":[{"name":"wp","href":"https:\/\/api.w.org\/{rel}","templated":true}]}}