{"id":215214,"date":"2020-11-29T18:43:34","date_gmt":"2020-11-30T00:43:34","guid":{"rendered":"https:\/\/sintesis.com.mx\/puebla\/?p=215214"},"modified":"2020-11-29T18:44:37","modified_gmt":"2020-11-30T00:44:37","slug":"cuautlancingo-reciclaje-contenedores","status":"publish","type":"post","link":"https:\/\/sintesis.com.mx\/puebla\/2020\/11\/29\/cuautlancingo-reciclaje-contenedores\/","title":{"rendered":"Cuautlancingo fomenta el reciclaje con la instalaci\u00f3n de contenedores"},"content":{"rendered":"<p>Para avanzar hacia un municipio sustentable y promover la separaci\u00f3n adecuada de los residuos, el <a href=\"https:\/\/sintesis.com.mx\/puebla\/2020\/11\/28\/pandemia-baja-tramites-visas\/\">Ayuntamiento de Cuautlancingo<\/a> a trav\u00e9s de la Direcci\u00f3n de Ecolog\u00eda, gestion\u00f3 ante la inmobiliaria APH, la donaci\u00f3n de 10 Eco Botellas para reciclar tapitas y botellas pet, as\u00ed como 12 unidades de contenedores de 3 divisiones para basura org\u00e1nica, inorg\u00e1nica y papel.<\/p>\n<p>La presidenta municipal, <a href=\"https:\/\/twitter.com\/Lupita_DanielH?s=20\">Lupita Daniel Hern\u00e1ndez<\/a>, encabez\u00f3 la entrega simb\u00f3lica de estos contenedores de residuos en el Complejo de Seguridad P\u00fablica Municipal, por ello al personal de esta \u00e1rea se le invit\u00f3 a manejar adecuadamente los desechos org\u00e1nicos que se generan como parte de sus actividades.<\/p>\n<p>Daniel Hern\u00e1ndez, resalt\u00f3 que la basura es un contaminante que requiere tratamiento especial, por lo que hay que aprender a separar y clasificar cada uno de los desechos s\u00f3lidos para contribuir al cuidado del medio ambiente.<\/p>\n<p>Finalmente, se\u00f1al\u00f3 que se asignar\u00e1 una unidad de tres contenedores y una ecobotella a las siguientes \u00e1reas: Presidencia Municipal, Inspector\u00eda de la Reserva Territorial Quetzalc\u00f3atl, Parque Recreativo El Ameyal, Centro de Desarrollo Comunitario CDC, Centro Cultural Cuautlancingo CCC, la Unidad Deportiva San Juan y las Presidencias Auxiliares de Chautenco, Sanctorum y San Lorenzo Almecatla.<\/p>\n","protected":false},"excerpt":{"rendered":"<p>Para avanzar hacia un municipio sustentable y promover la separaci\u00f3n adecuada de los residuos, el Ayuntamiento de Cuautlancingo a trav\u00e9s de la Direcci\u00f3n de Ecolog\u00eda, gestion\u00f3 ante la inmobiliaria APH, la donaci\u00f3n de 10 Eco Botellas para reciclar tapitas y botellas pet, as\u00ed como 12 unidades de contenedores de 3 divisiones para basura org\u00e1nica, inorg\u00e1nica [&hellip;]<\/p>\n","protected":false},"author":26,"featured_media":0,"comment_status":"open","ping_status":"open","sticky":false,"template":"","format":"standard","meta":{"footnotes":""},"categories":[1277,9],"tags":[64666,121,2943,16989,28,3883],"yst_prominent_words":[30705,35248,29724,63114,30032,30577,30867,33916,30090,29816,42007,29640,29784],"class_list":["post-215214","post","type-post","status-publish","format-standard","hentry","category-cuautlancingo","category-municipios","tag-contenedores","tag-cuautlancingo","tag-ecologia","tag-lupita-daniel-hernandez","tag-municipios","tag-reciclaje"],"_links":{"self":[{"href":"https:\/\/sintesis.com.mx\/puebla\/wp-json\/wp\/v2\/posts\/215214"}],"collection":[{"href":"https:\/\/sintesis.com.mx\/puebla\/wp-json\/wp\/v2\/posts"}],"about":[{"href":"https:\/\/sintesis.com.mx\/puebla\/wp-json\/wp\/v2\/types\/post"}],"author":[{"embeddable":true,"href":"https:\/\/sintesis.com.mx\/puebla\/wp-json\/wp\/v2\/users\/26"}],"replies":[{"embeddable":true,"href":"https:\/\/sintesis.com.mx\/puebla\/wp-json\/wp\/v2\/comments?post=215214"}],"version-history":[{"count":0,"href":"https:\/\/sintesis.com.mx\/puebla\/wp-json\/wp\/v2\/posts\/215214\/revisions"}],"wp:attachment":[{"href":"https:\/\/sintesis.com.mx\/puebla\/wp-json\/wp\/v2\/media?parent=215214"}],"wp:term":[{"taxonomy":"category","embeddable":true,"href":"https:\/\/sintesis.com.mx\/puebla\/wp-json\/wp\/v2\/categories?post=215214"},{"taxonomy":"post_tag","embeddable":true,"href":"https:\/\/sintesis.com.mx\/puebla\/wp-json\/wp\/v2\/tags?post=215214"},{"taxonomy":"yst_prominent_words","embeddable":true,"href":"https:\/\/sintesis.com.mx\/puebla\/wp-json\/wp\/v2\/yst_prominent_words?post=215214"}],"curies":[{"name":"wp","href":"https:\/\/api.w.org\/{rel}","templated":true}]}}