{"id":217777,"date":"2020-12-21T12:36:19","date_gmt":"2020-12-21T18:36:19","guid":{"rendered":"https:\/\/sintesis.com.mx\/puebla\/?p=217777"},"modified":"2020-12-21T12:36:19","modified_gmt":"2020-12-21T18:36:19","slug":"defiende-rivera-vivanco-cierre","status":"publish","type":"post","link":"https:\/\/sintesis.com.mx\/puebla\/2020\/12\/21\/defiende-rivera-vivanco-cierre\/","title":{"rendered":"Defiende Rivera Vivanco cierre de negocios a las 7 de la noche; disminuir\u00e1 la Covid-19"},"content":{"rendered":"<p>La <strong><a href=\"https:\/\/sintesis.com.mx\/puebla\/2020\/12\/21\/205-millones-pesos-obras-capital\/\">presidenta<\/a> municipal<\/strong>, <strong><a href=\"https:\/\/twitter.com\/RiveraVivanco_?ref_src=twsrc%5Egoogle%7Ctwcamp%5Eserp%7Ctwgr%5Eauthor\">Claudia Rivera Vivanco<\/a>,<\/strong> defendi\u00f3 su <strong>propuesta<\/strong> de <strong>cierre<\/strong> de <strong>negocios<\/strong> no esenciales a las 7 de la noche, al afirmar que es necesario para evitar que los <strong>contagios Covid-19<\/strong> sigan creciendo.<\/p>\n<p>Tras las cr\u00edticas del sector empresarial que afirman habr\u00e1 un ca\u00edda de ingresos y hasta p\u00e9rdida de empleos, manifest\u00f3 que es tiempo de sumar para evita un nuevo confinamiento.<\/p>\n<p>Este d\u00eda se espera que en sesi\u00f3n de cabildo se apruebe la entrada en vigor de esta medida que incluye a ambulantes y tianguis, pues este sector tambi\u00e9n debe dejar de vender a las 19 horas.<\/p>\n<p>https:\/\/twitter.com\/sintesisweb\/status\/1341062376519593984?s=20<\/p>\n<p>Relat\u00f3 que los propios organismos han informado que en muchas de sus empresas han aumentado el n\u00famero de contagios covid-19 entre sus trabajadores.<\/p>\n<p>\u201cEl riesgo no solo est\u00e1 en la calle sino para quienes prestan los servicios, y garantiza que no tenga que cerrar los establecimientos porque el personal resulte enfermo o que la poblaci\u00f3n est\u00e1 m\u00e1s complicada\u201d.<\/p>\n<p>Resalt\u00f3 que los exhortos son en funci\u00f3n de la solidaridad para quienes prestan los servicios y consumidores.<\/p>\n<p>\u201cEvitemos estar m\u00e1s tiempo en los espacios p\u00fablicos y fuera de casa, esto evita que la ola de contagios siga creciendo\u201d.<\/p>\n","protected":false},"excerpt":{"rendered":"<p>La presidenta municipal, Claudia Rivera Vivanco, defendi\u00f3 su propuesta de cierre de negocios no esenciales a las 7 de la noche, al afirmar que es necesario para evitar que los contagios Covid-19 sigan creciendo. Tras las cr\u00edticas del sector empresarial que afirman habr\u00e1 un ca\u00edda de ingresos y hasta p\u00e9rdida de empleos, manifest\u00f3 que es [&hellip;]<\/p>\n","protected":false},"author":9,"featured_media":0,"comment_status":"open","ping_status":"open","sticky":false,"template":"","format":"standard","meta":{"footnotes":""},"categories":[3,11],"tags":[17316,539,37233,7464,10527,13834,18,23,8253,5216],"yst_prominent_words":[35734,67402,35403,67400,57208,67401,67399,31813,30155,29798],"class_list":["post-217777","post","type-post","status-publish","format-standard","hentry","category-puebla","category-slide","tag-19-horas","tag-ambulantes","tag-casos-covid-19","tag-cierre-de-negocios","tag-claudia-rivera-vivanco","tag-presidenta-municipal","tag-puebla","tag-slide","tag-slideapp","tag-solidaridad"],"_links":{"self":[{"href":"https:\/\/sintesis.com.mx\/puebla\/wp-json\/wp\/v2\/posts\/217777"}],"collection":[{"href":"https:\/\/sintesis.com.mx\/puebla\/wp-json\/wp\/v2\/posts"}],"about":[{"href":"https:\/\/sintesis.com.mx\/puebla\/wp-json\/wp\/v2\/types\/post"}],"author":[{"embeddable":true,"href":"https:\/\/sintesis.com.mx\/puebla\/wp-json\/wp\/v2\/users\/9"}],"replies":[{"embeddable":true,"href":"https:\/\/sintesis.com.mx\/puebla\/wp-json\/wp\/v2\/comments?post=217777"}],"version-history":[{"count":0,"href":"https:\/\/sintesis.com.mx\/puebla\/wp-json\/wp\/v2\/posts\/217777\/revisions"}],"wp:attachment":[{"href":"https:\/\/sintesis.com.mx\/puebla\/wp-json\/wp\/v2\/media?parent=217777"}],"wp:term":[{"taxonomy":"category","embeddable":true,"href":"https:\/\/sintesis.com.mx\/puebla\/wp-json\/wp\/v2\/categories?post=217777"},{"taxonomy":"post_tag","embeddable":true,"href":"https:\/\/sintesis.com.mx\/puebla\/wp-json\/wp\/v2\/tags?post=217777"},{"taxonomy":"yst_prominent_words","embeddable":true,"href":"https:\/\/sintesis.com.mx\/puebla\/wp-json\/wp\/v2\/yst_prominent_words?post=217777"}],"curies":[{"name":"wp","href":"https:\/\/api.w.org\/{rel}","templated":true}]}}