{"id":219495,"date":"2021-01-11T16:02:40","date_gmt":"2021-01-11T22:02:40","guid":{"rendered":"https:\/\/sintesis.com.mx\/puebla\/?p=219495"},"modified":"2021-01-11T16:02:40","modified_gmt":"2021-01-11T22:02:40","slug":"captura-policia-estatal-al-hijo-moco","status":"publish","type":"post","link":"https:\/\/sintesis.com.mx\/puebla\/2021\/01\/11\/captura-policia-estatal-al-hijo-moco\/","title":{"rendered":"Captura Polic\u00eda Estatal al hijo de \u00abEl Moco\u00bb"},"content":{"rendered":"<p><strong>Chignahuapan.<\/strong> <strong>Gerardo L.<\/strong>, alias <strong>\u00abEl Gera\u00bb<\/strong>, de 21 a\u00f1os, <strong>presunto <a href=\"https:\/\/sintesis.com.mx\/puebla\/2021\/01\/10\/detuvo-grupo-k9-policia\/\">l\u00edder<\/a> criminal vinculado a robo de combustible<\/strong> y narcomenudeo en esta regi\u00f3n del estado, fue capturado por agentes de la <a href=\"https:\/\/twitter.com\/sspgobpue?lang=es\"><strong>Polic\u00eda Estatal<\/strong> <\/a>durante un operativo de vigilancia.<\/p>\n<p>De acuerdo con los reportes del \u00e1rea de inteligencia de la Secretar\u00eda de Seguridad P\u00fablica (SSP), el detenido habr\u00eda asumido el liderazgo de la c\u00e9lula delictiva que encabezaba su padre, Juan L., alias \u201cEl Moco\u201d, y de su t\u00edo, Jos\u00e9 Guadalupe L., alias \u201cEl Z46\u201d.<\/p>\n<p>Es preciso mencionar que el grupo delictivo al que pertenece el capturado est\u00e1 vinculado al robo de combustible, homicidio, secuestro, extorsi\u00f3n y venta de droga en diversos municipios como: Chignahuapan, Zacatl\u00e1n y Aquixtla, as\u00ed como la franja lim\u00edtrofe con los estados de Tlaxcala e Hidalgo.<\/p>\n<p>Al momento de la detenci\u00f3n, Gerardo L. viajaba a bordo de una camioneta Toyota Tacoma, con placas de circulaci\u00f3n del estado de Hidalgo; al realizar una revisi\u00f3n a sus pertenencias, fueron halladas 46 bolsitas pl\u00e1sticas que conten\u00edan una sustancia granulada con las caracter\u00edsticas de la droga conocida como cristal, por lo que los agentes le informaron que ser\u00e1 puesto a disposici\u00f3n de las autoridades ministeriales.<\/p>\n","protected":false},"excerpt":{"rendered":"<p>Chignahuapan. Gerardo L., alias \u00abEl Gera\u00bb, de 21 a\u00f1os, presunto l\u00edder criminal vinculado a robo de combustible y narcomenudeo en esta regi\u00f3n del estado, fue capturado por agentes de la Polic\u00eda Estatal durante un operativo de vigilancia. De acuerdo con los reportes del \u00e1rea de inteligencia de la Secretar\u00eda de Seguridad P\u00fablica (SSP), el detenido [&hellip;]<\/p>\n","protected":false},"author":26,"featured_media":0,"comment_status":"open","ping_status":"open","sticky":false,"template":"","format":"standard","meta":{"footnotes":""},"categories":[1285,3],"tags":[69060,26537,52176,69059,1286,653,18,490],"yst_prominent_words":[32020,35806,30442,37532,33574,31915,29918,30518,52032],"class_list":["post-219495","post","type-post","status-publish","format-standard","hentry","category-justicia","category-puebla","tag-el-moco","tag-captura","tag-estatal","tag-hijo","tag-justicia","tag-policia","tag-puebla","tag-seguridad"],"_links":{"self":[{"href":"https:\/\/sintesis.com.mx\/puebla\/wp-json\/wp\/v2\/posts\/219495"}],"collection":[{"href":"https:\/\/sintesis.com.mx\/puebla\/wp-json\/wp\/v2\/posts"}],"about":[{"href":"https:\/\/sintesis.com.mx\/puebla\/wp-json\/wp\/v2\/types\/post"}],"author":[{"embeddable":true,"href":"https:\/\/sintesis.com.mx\/puebla\/wp-json\/wp\/v2\/users\/26"}],"replies":[{"embeddable":true,"href":"https:\/\/sintesis.com.mx\/puebla\/wp-json\/wp\/v2\/comments?post=219495"}],"version-history":[{"count":0,"href":"https:\/\/sintesis.com.mx\/puebla\/wp-json\/wp\/v2\/posts\/219495\/revisions"}],"wp:attachment":[{"href":"https:\/\/sintesis.com.mx\/puebla\/wp-json\/wp\/v2\/media?parent=219495"}],"wp:term":[{"taxonomy":"category","embeddable":true,"href":"https:\/\/sintesis.com.mx\/puebla\/wp-json\/wp\/v2\/categories?post=219495"},{"taxonomy":"post_tag","embeddable":true,"href":"https:\/\/sintesis.com.mx\/puebla\/wp-json\/wp\/v2\/tags?post=219495"},{"taxonomy":"yst_prominent_words","embeddable":true,"href":"https:\/\/sintesis.com.mx\/puebla\/wp-json\/wp\/v2\/yst_prominent_words?post=219495"}],"curies":[{"name":"wp","href":"https:\/\/api.w.org\/{rel}","templated":true}]}}