{"id":220310,"date":"2021-01-18T11:09:42","date_gmt":"2021-01-18T17:09:42","guid":{"rendered":"https:\/\/sintesis.com.mx\/puebla\/?p=220310"},"modified":"2021-01-18T11:09:42","modified_gmt":"2021-01-18T17:09:42","slug":"captura-policia-estatal-2","status":"publish","type":"post","link":"https:\/\/sintesis.com.mx\/puebla\/2021\/01\/18\/captura-policia-estatal-2\/","title":{"rendered":"Captura Polic\u00eda Estatal a presunto asesino de ni\u00f1a"},"content":{"rendered":"<p><strong>Iz\u00facar de Matamoros.<\/strong> <strong>Gustavo L.<\/strong>, <strong>presunto responsable<\/strong> del <a href=\"https:\/\/sintesis.com.mx\/puebla\/2021\/01\/17\/captura-policia-estatal\/\"><strong>asesinato<\/strong><\/a> de <strong>una ni\u00f1a de 12 a\u00f1os<\/strong>, cometido la noche del <strong>pasado 9 de enero<\/strong>, fue capturado por agentes de la <a href=\"https:\/\/twitter.com\/sspgobpue?lang=es\"><strong>Polic\u00eda Estatal<\/strong><\/a> en <strong>posesi\u00f3n<\/strong> de un <strong>arma de fuego<\/strong> y <strong>diversas drogas<\/strong>.<\/p>\n<p>En una revisi\u00f3n, encontraron que estaba en posesi\u00f3n de 13 envoltorios con una sustancia con las caracter\u00edsticas de la droga conocida como cristal y 50 dosis de aparente piedra, que presuntamente comercializar\u00eda en la zona.<\/p>\n<p>Adem\u00e1s, portaba un arma de fuego calibre. 38 especial con un cartucho \u00fatil, por lo que fue detenido y puesto a disposici\u00f3n de las autoridades ministeriales.<\/p>\n<p>De acuerdo con los reportes de inteligencia de los agentes, el detenido dispar\u00f3 en contra de los integrantes de una familia hiriendo de muerte a la ni\u00f1a de 12 a\u00f1os en la localidad de San Juan Raboso; presuntamente hizo detonaciones de arma de fuego en venganza por problemas personales.\u00a0 Los familiares de la v\u00edctima se\u00f1alaron que en otras ocasiones les hab\u00eda disparado.<\/p>\n","protected":false},"excerpt":{"rendered":"<p>Iz\u00facar de Matamoros. Gustavo L., presunto responsable del asesinato de una ni\u00f1a de 12 a\u00f1os, cometido la noche del pasado 9 de enero, fue capturado por agentes de la Polic\u00eda Estatal en posesi\u00f3n de un arma de fuego y diversas drogas. En una revisi\u00f3n, encontraron que estaba en posesi\u00f3n de 13 envoltorios con una sustancia [&hellip;]<\/p>\n","protected":false},"author":26,"featured_media":0,"comment_status":"open","ping_status":"open","sticky":false,"template":"","format":"standard","meta":{"footnotes":""},"categories":[1285,3],"tags":[7356,26537,52176,1286,592,653,54525,18],"yst_prominent_words":[31562,32020,30854,30847,31585,30081,30623,32591,51327],"class_list":["post-220310","post","type-post","status-publish","format-standard","hentry","category-justicia","category-puebla","tag-asesino","tag-captura","tag-estatal","tag-justicia","tag-nina","tag-policia","tag-presunto","tag-puebla"],"_links":{"self":[{"href":"https:\/\/sintesis.com.mx\/puebla\/wp-json\/wp\/v2\/posts\/220310"}],"collection":[{"href":"https:\/\/sintesis.com.mx\/puebla\/wp-json\/wp\/v2\/posts"}],"about":[{"href":"https:\/\/sintesis.com.mx\/puebla\/wp-json\/wp\/v2\/types\/post"}],"author":[{"embeddable":true,"href":"https:\/\/sintesis.com.mx\/puebla\/wp-json\/wp\/v2\/users\/26"}],"replies":[{"embeddable":true,"href":"https:\/\/sintesis.com.mx\/puebla\/wp-json\/wp\/v2\/comments?post=220310"}],"version-history":[{"count":0,"href":"https:\/\/sintesis.com.mx\/puebla\/wp-json\/wp\/v2\/posts\/220310\/revisions"}],"wp:attachment":[{"href":"https:\/\/sintesis.com.mx\/puebla\/wp-json\/wp\/v2\/media?parent=220310"}],"wp:term":[{"taxonomy":"category","embeddable":true,"href":"https:\/\/sintesis.com.mx\/puebla\/wp-json\/wp\/v2\/categories?post=220310"},{"taxonomy":"post_tag","embeddable":true,"href":"https:\/\/sintesis.com.mx\/puebla\/wp-json\/wp\/v2\/tags?post=220310"},{"taxonomy":"yst_prominent_words","embeddable":true,"href":"https:\/\/sintesis.com.mx\/puebla\/wp-json\/wp\/v2\/yst_prominent_words?post=220310"}],"curies":[{"name":"wp","href":"https:\/\/api.w.org\/{rel}","templated":true}]}}