{"id":221146,"date":"2021-01-25T15:54:17","date_gmt":"2021-01-25T21:54:17","guid":{"rendered":"https:\/\/sintesis.com.mx\/puebla\/?p=221146"},"modified":"2021-01-25T15:54:17","modified_gmt":"2021-01-25T21:54:17","slug":"prioritario-analizar-condiciones","status":"publish","type":"post","link":"https:\/\/sintesis.com.mx\/puebla\/2021\/01\/25\/prioritario-analizar-condiciones\/","title":{"rendered":"Prioritario analizar condiciones de jornada electoral considerando contingencia: Fernando Manzanilla"},"content":{"rendered":"<p>Al calificar a las pr\u00f3ximas elecciones, como uno de los mayores retos c\u00edvicos y log\u00edsticos que jam\u00e1s haya enfrentado el pa\u00eds, el <a href=\"https:\/\/sintesis.com.mx\/puebla\/2021\/01\/20\/viene-nueva-etapa-cambios\/\">Diputado Federal<\/a> por el Distrito 12 de la ciudad de Puebla, <a href=\"https:\/\/twitter.com\/Fer_Manzanilla?s=20\">Fernando Manzanilla<\/a>, consider\u00f3 necesario iniciar cuanto antes una discusi\u00f3n seria, ordenada e institucional sobre la viabilidad de realizar la elecci\u00f3n en medio de una emergencia sanitaria y establecer los criterios t\u00e9cnicos a considerar para identificar cu\u00e1les son las condiciones m\u00ednimas de seguridad sanitaria necesarias para realizar el proceso electoral en cada estado.<\/p>\n<p>\u201cEl pr\u00f3ximo 6 de junio tendremos las elecciones intermedias m\u00e1s grandes de la historia. Se renovar\u00e1 completamente la C\u00e1mara de Diputados y se elegir\u00e1n 15 gubernaturas estatales, 30 congresos locales y mil 900 ayuntamientos y juntas auxiliares\u201d, precis\u00f3.<\/p>\n<p>Al respecto dijo tener claro que el Instituto Nacional Electoral se est\u00e1 preparando para garantizar un proceso electoral seguro, en t\u00e9rminos de salubridad, siempre y cuando las condiciones de riesgo sanitario lo permitan. Pero \u00bfqu\u00e9 pasar\u00eda en caso de que las cosas no mejoraran y que la situaci\u00f3n de la pandemia se llegara complicar?<\/p>\n<p>En este sentido, dio a conocer que present\u00f3 un exhorto a las juntas de Coordinaci\u00f3n Pol\u00edtica de la C\u00e1mara de Diputados y del Senado de la Rep\u00fablica para dise\u00f1ar, de manera coordinada, una ruta institucional que eval\u00fae los factores determinantes de la viabilidad de la jornada electoral durante un periodo de contingencia sanitaria.<\/p>\n<p>En ese mismo punto de acuerdo, presentado en la C\u00e1mara de Diputados, tambi\u00e9n ha pedido que se convoque la participaci\u00f3n en esta discusi\u00f3n de la Secretar\u00eda de Salud, la Secretar\u00eda de Gobernaci\u00f3n y el Instituto Nacional Electoral, as\u00ed como de instituciones acad\u00e9micas y expertos en salud, derecho electoral y constitucional.<\/p>\n<p>Asimismo, pidi\u00f3 que se presente ante la opini\u00f3n p\u00fablica un informe t\u00e9cnico en marzo de este a\u00f1o, sobre los requisitos y condiciones de salubridad m\u00ednimas b\u00e1sicas para realizar el proceso electoral, as\u00ed como la ruta constitucional y legal para una posible modificaci\u00f3n de las fechas de realizaci\u00f3n del proceso.<\/p>\n<p>Resalt\u00f3 que el Instituto Nacional Electoral (INE) tiene prevista la instalaci\u00f3n de 163 mil casillas en todo el territorio nacional y la contrataci\u00f3n de 50 mil supervisores y capacitadores electorales que se encargar\u00e1n de preparar a los casi mill\u00f3n y medio de ciudadanos que fungir\u00e1n como funcionarios de casilla.<\/p>\n<p>\u201cTodos tenemos la expectativa de que, cuando llegue el d\u00eda de la elecci\u00f3n, el pa\u00eds ya se encuentre en mejores condiciones de salud y que podamos tener una jornada electoral ejemplar, con una amplia participaci\u00f3n ciudadana, pero creo que siempre es mejor considerar todos los escenarios posibles y estar preparados\u201d, finaliz\u00f3.<\/p>\n","protected":false},"excerpt":{"rendered":"<p>Al calificar a las pr\u00f3ximas elecciones, como uno de los mayores retos c\u00edvicos y log\u00edsticos que jam\u00e1s haya enfrentado el pa\u00eds, el Diputado Federal por el Distrito 12 de la ciudad de Puebla, Fernando Manzanilla, consider\u00f3 necesario iniciar cuanto antes una discusi\u00f3n seria, ordenada e institucional sobre la viabilidad de realizar la elecci\u00f3n en medio [&hellip;]<\/p>\n","protected":false},"author":26,"featured_media":0,"comment_status":"open","ping_status":"open","sticky":false,"template":"","format":"standard","meta":{"footnotes":""},"categories":[8,3],"tags":[36788,402,1857,27,365,18],"yst_prominent_words":[30377,30364,31800,29999,41921,33288,32278,46101,46095,60670,30023,46102,31326,29857,34779,31453,29745,34470],"class_list":["post-221146","post","type-post","status-publish","format-standard","hentry","category-hoyesnoticia","category-puebla","tag-contingencia-sanitaria","tag-elecciones","tag-fernando-manzanilla","tag-hoyesnoticia","tag-ine","tag-puebla"],"_links":{"self":[{"href":"https:\/\/sintesis.com.mx\/puebla\/wp-json\/wp\/v2\/posts\/221146"}],"collection":[{"href":"https:\/\/sintesis.com.mx\/puebla\/wp-json\/wp\/v2\/posts"}],"about":[{"href":"https:\/\/sintesis.com.mx\/puebla\/wp-json\/wp\/v2\/types\/post"}],"author":[{"embeddable":true,"href":"https:\/\/sintesis.com.mx\/puebla\/wp-json\/wp\/v2\/users\/26"}],"replies":[{"embeddable":true,"href":"https:\/\/sintesis.com.mx\/puebla\/wp-json\/wp\/v2\/comments?post=221146"}],"version-history":[{"count":0,"href":"https:\/\/sintesis.com.mx\/puebla\/wp-json\/wp\/v2\/posts\/221146\/revisions"}],"wp:attachment":[{"href":"https:\/\/sintesis.com.mx\/puebla\/wp-json\/wp\/v2\/media?parent=221146"}],"wp:term":[{"taxonomy":"category","embeddable":true,"href":"https:\/\/sintesis.com.mx\/puebla\/wp-json\/wp\/v2\/categories?post=221146"},{"taxonomy":"post_tag","embeddable":true,"href":"https:\/\/sintesis.com.mx\/puebla\/wp-json\/wp\/v2\/tags?post=221146"},{"taxonomy":"yst_prominent_words","embeddable":true,"href":"https:\/\/sintesis.com.mx\/puebla\/wp-json\/wp\/v2\/yst_prominent_words?post=221146"}],"curies":[{"name":"wp","href":"https:\/\/api.w.org\/{rel}","templated":true}]}}