{"id":224099,"date":"2021-02-18T14:49:43","date_gmt":"2021-02-18T20:49:43","guid":{"rendered":"https:\/\/sintesis.com.mx\/puebla\/?p=224099"},"modified":"2021-02-18T14:49:43","modified_gmt":"2021-02-18T20:49:43","slug":"empresas-realizan-paro-tecnico","status":"publish","type":"post","link":"https:\/\/sintesis.com.mx\/puebla\/2021\/02\/18\/empresas-realizan-paro-tecnico\/","title":{"rendered":"Empresas realizan paro t\u00e9cnico en Puebla por la falta de gas"},"content":{"rendered":"<p>Diversas <strong>empresas<\/strong> del <strong>sector automotriz en Puebla<\/strong> y <strong>afiliadas<\/strong> a la <strong>C\u00e1mara Nacional de la Industria de\u00a0<a href=\"https:\/\/sintesis.com.mx\/puebla\/2020\/12\/09\/reporta-canacintra-personas\/\">Transformaci\u00f3n<\/a> (<a href=\"https:\/\/twitter.com\/canacintrap?ref_src=twsrc%5Egoogle%7Ctwcamp%5Eserp%7Ctwgr%5Eauthor\">Canacintra<\/a>)<\/strong> tendr\u00e1n paros t\u00e9cnicos por la falta de gas natural en la producci\u00f3n.<\/p>\n<p>Adem\u00e1s de que tambi\u00e9n disminuir\u00e1 el consumo de energ\u00eda el\u00e9ctrica y tendr\u00e1n cortes del suministro de luz por parte de la Comisi\u00f3n Federal de Electricidad (CFE), as\u00ed lo dio a conocer, el presidente de este organismo empresarial, Luis Espinosa Rueda.<\/p>\n<p>En entrevista para S\u00edntesis mencion\u00f3 que ayer en la zona del Parque 2000 se registraron la suspensi\u00f3n de la energ\u00eda el\u00e9ctrica, por ello la realizaci\u00f3n de algunos paros t\u00e9cnicos.<\/p>\n<p>En este mismo sentido mencion\u00f3 que\u00a0est\u00e1n programados en diversas zonas los cortes de energ\u00eda el\u00e9ctrica, pero esto depender\u00e1 de la red nacional de la CFE.<\/p>\n<p>\u201cLos cortes est\u00e1n siendo desde las 7 a las 11 de la noche \u00a0\u00a0en diversas zonas, aunque en las \u00e1reas en donde\u00a0ya se presentaron ayer ya no se volver\u00e1n a registrar\u201d, precis\u00f3.<\/p>\n","protected":false},"excerpt":{"rendered":"<p>Diversas empresas del sector automotriz en Puebla y afiliadas a la C\u00e1mara Nacional de la Industria de\u00a0Transformaci\u00f3n (Canacintra) tendr\u00e1n paros t\u00e9cnicos por la falta de gas natural en la producci\u00f3n. Adem\u00e1s de que tambi\u00e9n disminuir\u00e1 el consumo de energ\u00eda el\u00e9ctrica y tendr\u00e1n cortes del suministro de luz por parte de la Comisi\u00f3n Federal de Electricidad [&hellip;]<\/p>\n","protected":false},"author":26,"featured_media":0,"comment_status":"open","ping_status":"open","sticky":false,"template":"","format":"standard","meta":{"footnotes":""},"categories":[3,11],"tags":[341,836,1879,7885,17474,70447,18,23,8253,60573],"yst_prominent_words":[41729,31963,29802,42917,34619,37911,30321,30023,40108,52703,29865],"class_list":["post-224099","post","type-post","status-publish","format-standard","hentry","category-puebla","category-slide","tag-canacintra","tag-cfe","tag-empresas","tag-luz","tag-paro","tag-parque-2000","tag-puebla","tag-slide","tag-slideapp","tag-tecnico"],"_links":{"self":[{"href":"https:\/\/sintesis.com.mx\/puebla\/wp-json\/wp\/v2\/posts\/224099"}],"collection":[{"href":"https:\/\/sintesis.com.mx\/puebla\/wp-json\/wp\/v2\/posts"}],"about":[{"href":"https:\/\/sintesis.com.mx\/puebla\/wp-json\/wp\/v2\/types\/post"}],"author":[{"embeddable":true,"href":"https:\/\/sintesis.com.mx\/puebla\/wp-json\/wp\/v2\/users\/26"}],"replies":[{"embeddable":true,"href":"https:\/\/sintesis.com.mx\/puebla\/wp-json\/wp\/v2\/comments?post=224099"}],"version-history":[{"count":0,"href":"https:\/\/sintesis.com.mx\/puebla\/wp-json\/wp\/v2\/posts\/224099\/revisions"}],"wp:attachment":[{"href":"https:\/\/sintesis.com.mx\/puebla\/wp-json\/wp\/v2\/media?parent=224099"}],"wp:term":[{"taxonomy":"category","embeddable":true,"href":"https:\/\/sintesis.com.mx\/puebla\/wp-json\/wp\/v2\/categories?post=224099"},{"taxonomy":"post_tag","embeddable":true,"href":"https:\/\/sintesis.com.mx\/puebla\/wp-json\/wp\/v2\/tags?post=224099"},{"taxonomy":"yst_prominent_words","embeddable":true,"href":"https:\/\/sintesis.com.mx\/puebla\/wp-json\/wp\/v2\/yst_prominent_words?post=224099"}],"curies":[{"name":"wp","href":"https:\/\/api.w.org\/{rel}","templated":true}]}}