{"id":225053,"date":"2021-02-25T17:01:32","date_gmt":"2021-02-25T23:01:32","guid":{"rendered":"https:\/\/sintesis.com.mx\/puebla\/?p=225053"},"modified":"2021-02-25T17:11:46","modified_gmt":"2021-02-25T23:11:46","slug":"tendra-segob-trabajo","status":"publish","type":"post","link":"https:\/\/sintesis.com.mx\/puebla\/2021\/02\/25\/tendra-segob-trabajo\/","title":{"rendered":"Tendr\u00e1 SEGOB trabajo continuo y permanente: Hill Mayoral"},"content":{"rendered":"<p>Al se\u00f1alar que la atenci\u00f3n que <strong>brinda la Secretar\u00eda de Gobernaci\u00f3n (SEGOB)<\/strong> es permanente y continua, la <strong>titular de la <a href=\"https:\/\/sintesis.com.mx\/puebla\/2021\/02\/24\/ana-lucia-hill-llega\/\">dependencia<\/a>, <a href=\"https:\/\/twitter.com\/analuciahill?lang=es\">Ana Luc\u00eda Hill Mayoral,<\/a><\/strong> afirm\u00f3 que su desempe\u00f1o ser\u00e1 con apego al orden constitucional y la institucionalidad democr\u00e1tica.<\/p>\n<p>Durante su participaci\u00f3n en la videoconferencia del gobernador Miguel Barbosa Huerta, la secretaria inform\u00f3 del fallecimiento de un migrante m\u00e1s en Connecticut, Estados Unidos, quien era originario de San Pedro Cholula. Con este deceso, el n\u00famero de poblanos que perdieron la vida a causa de la COVID-19 en el extranjero es de 570.<\/p>\n<p>Sobre la vigilancia m\u00e9dica en el Centro de Internamiento Especializado para Adolescentes (CIEPA) a personas privadas de la libertad positivas a COVID-19, Hill Mayoral se\u00f1al\u00f3 que no fueron reportados nuevos casos, por lo que 34 internos contin\u00faan recibiendo los cuidados necesarios.<\/p>\n","protected":false},"excerpt":{"rendered":"<p>Al se\u00f1alar que la atenci\u00f3n que brinda la Secretar\u00eda de Gobernaci\u00f3n (SEGOB) es permanente y continua, la titular de la dependencia, Ana Luc\u00eda Hill Mayoral, afirm\u00f3 que su desempe\u00f1o ser\u00e1 con apego al orden constitucional y la institucionalidad democr\u00e1tica. Durante su participaci\u00f3n en la videoconferencia del gobernador Miguel Barbosa Huerta, la secretaria inform\u00f3 del fallecimiento [&hellip;]<\/p>\n","protected":false},"author":26,"featured_media":0,"comment_status":"open","ping_status":"open","sticky":false,"template":"","format":"standard","meta":{"footnotes":""},"categories":[3],"tags":[48392,70614,41,70615,27,8254,12246,18,972],"yst_prominent_words":[35403],"class_list":["post-225053","post","type-post","status-publish","format-standard","hentry","category-puebla","tag-al-momento","tag-continuo","tag-es-noticia","tag-hill-mayoral","tag-hoyesnoticia","tag-hoyesnoticiaapp","tag-permanente","tag-puebla","tag-segob"],"_links":{"self":[{"href":"https:\/\/sintesis.com.mx\/puebla\/wp-json\/wp\/v2\/posts\/225053"}],"collection":[{"href":"https:\/\/sintesis.com.mx\/puebla\/wp-json\/wp\/v2\/posts"}],"about":[{"href":"https:\/\/sintesis.com.mx\/puebla\/wp-json\/wp\/v2\/types\/post"}],"author":[{"embeddable":true,"href":"https:\/\/sintesis.com.mx\/puebla\/wp-json\/wp\/v2\/users\/26"}],"replies":[{"embeddable":true,"href":"https:\/\/sintesis.com.mx\/puebla\/wp-json\/wp\/v2\/comments?post=225053"}],"version-history":[{"count":0,"href":"https:\/\/sintesis.com.mx\/puebla\/wp-json\/wp\/v2\/posts\/225053\/revisions"}],"wp:attachment":[{"href":"https:\/\/sintesis.com.mx\/puebla\/wp-json\/wp\/v2\/media?parent=225053"}],"wp:term":[{"taxonomy":"category","embeddable":true,"href":"https:\/\/sintesis.com.mx\/puebla\/wp-json\/wp\/v2\/categories?post=225053"},{"taxonomy":"post_tag","embeddable":true,"href":"https:\/\/sintesis.com.mx\/puebla\/wp-json\/wp\/v2\/tags?post=225053"},{"taxonomy":"yst_prominent_words","embeddable":true,"href":"https:\/\/sintesis.com.mx\/puebla\/wp-json\/wp\/v2\/yst_prominent_words?post=225053"}],"curies":[{"name":"wp","href":"https:\/\/api.w.org\/{rel}","templated":true}]}}