{"id":231898,"date":"2021-04-28T14:54:09","date_gmt":"2021-04-28T19:54:09","guid":{"rendered":"https:\/\/sintesis.com.mx\/puebla\/?p=231898"},"modified":"2021-04-28T14:54:09","modified_gmt":"2021-04-28T19:54:09","slug":"solicitan-guarderias-reapertura","status":"publish","type":"post","link":"https:\/\/sintesis.com.mx\/puebla\/2021\/04\/28\/solicitan-guarderias-reapertura\/","title":{"rendered":"Solicitan 129 guarder\u00edas reapertura ante la DPRIS: SEGOB"},"content":{"rendered":"<p>De un total de <strong>585 estancias infantiles ubicadas en la entidad<\/strong>, 129 se han <strong>registrado ante la Direcci\u00f3n de Protecci\u00f3n contra Riesgos Sanitarios (DPRIS)<\/strong> para retomar sus actividades, inform\u00f3 la <strong><a href=\"https:\/\/sintesis.com.mx\/puebla\/2021\/04\/28\/cuenta-puebla-sistema-salud\/\">secretaria<\/a> de <a href=\"https:\/\/twitter.com\/Segob_Puebla?ref_src=twsrc%5Egoogle%7Ctwcamp%5Eserp%7Ctwgr%5Eauthor\">Gobernaci\u00f3n<\/a>, Ana Luc\u00eda Hill Mayoral<\/strong>.<\/p>\n<p>La titular de la SEGOB detall\u00f3 que todas las guarder\u00edas cuentan con la posibilidad de reabrir sus puertas, tal y como lo estipula el actual decreto del Gobierno del Estado, ello siempre y cuando cumplan con las recomendaciones emitidas por el Sistema Nacional para el Desarrollo Integral de la Familia (DIF).<\/p>\n<p>Por otro lado, agreg\u00f3, la Coordinaci\u00f3n General de Protecci\u00f3n Civil Estatal y la DPRIS revisaron 16 establecimientos en seis giros comerciales e impusieron tres clausuras por incumplir con las medidas sanitarias. Las secretar\u00edas de Movilidad y Transporte (SMT) y de Seguridad P\u00fablica (SSP), indic\u00f3, supervisaron 336 unidades del transporte p\u00fablico y levantaron seis infracciones por infringir las normas del decreto del gobierno estatal.<\/p>\n<blockquote class=\"twitter-tweet\" data-width=\"550\" data-dnt=\"true\">\n<p lang=\"es\" dir=\"ltr\"><a href=\"https:\/\/twitter.com\/hashtag\/Gobierno?src=hash&amp;ref_src=twsrc%5Etfw\">#Gobierno<\/a> I Solicitan 129 guarder\u00edas reapertura ante la DPRIS: <a href=\"https:\/\/twitter.com\/Segob_Puebla?ref_src=twsrc%5Etfw\">@Segob_Puebla<\/a> <a href=\"https:\/\/t.co\/XKobykOfop\">pic.twitter.com\/XKobykOfop<\/a><\/p>\n<p>&mdash; S\u00edntesis Puebla (@sintesisweb) <a href=\"https:\/\/twitter.com\/sintesisweb\/status\/1387494173079650304?ref_src=twsrc%5Etfw\">April 28, 2021<\/a><\/p><\/blockquote>\n<p><script async src=\"https:\/\/platform.twitter.com\/widgets.js\" charset=\"utf-8\"><\/script><\/p>\n<p>En cuanto a los casos positivos por COVID-19 en personas privadas de su libertad, Hill Mayoral inform\u00f3 que la cifra sigue en 17, quienes permanecen en aislamiento y bajo supervisi\u00f3n m\u00e9dica en las instalaciones del Centro de Internamiento Especializado para Adolescentes (CIEPA).<\/p>\n<p>Por \u00faltimo, puntualiz\u00f3, a trav\u00e9s del Instituto Poblano de Asistencia al Migrante (IPAM), fue notificada la muerte de dos connacionales en el extranjero, oriundos de los municipios de Tecomatl\u00e1n y Tulcingo de Valle, dando un total de 670 decesos por el virus en suelo estadounidense, de los cuales, 113 corresponden a mujeres y 557 a varones. Asimismo, resalt\u00f3, el Gobierno del Estado apoy\u00f3 con la repatriaci\u00f3n de los restos de otro poblano que falleci\u00f3 por COVID-19, con lo que suman 35 traslados en lo que va de la pandemia.<\/p>\n","protected":false},"excerpt":{"rendered":"<p>De un total de 585 estancias infantiles ubicadas en la entidad, 129 se han registrado ante la Direcci\u00f3n de Protecci\u00f3n contra Riesgos Sanitarios (DPRIS) para retomar sus actividades, inform\u00f3 la secretaria de Gobernaci\u00f3n, Ana Luc\u00eda Hill Mayoral. La titular de la SEGOB detall\u00f3 que todas las guarder\u00edas cuentan con la posibilidad de reabrir sus puertas, [&hellip;]<\/p>\n","protected":false},"author":26,"featured_media":0,"comment_status":"open","ping_status":"open","sticky":false,"template":"","format":"standard","meta":{"footnotes":""},"categories":[3,11],"tags":[71963,71962,18,48153,972,23,8253,71961],"yst_prominent_words":[35403,36677,30091,29786,29707,30229,30938,29905,32030,29718],"class_list":["post-231898","post","type-post","status-publish","format-standard","hentry","category-puebla","category-slide","tag-dpris","tag-guaredrias","tag-puebla","tag-reapertura","tag-segob","tag-slide","tag-slideapp","tag-solicitan"],"_links":{"self":[{"href":"https:\/\/sintesis.com.mx\/puebla\/wp-json\/wp\/v2\/posts\/231898"}],"collection":[{"href":"https:\/\/sintesis.com.mx\/puebla\/wp-json\/wp\/v2\/posts"}],"about":[{"href":"https:\/\/sintesis.com.mx\/puebla\/wp-json\/wp\/v2\/types\/post"}],"author":[{"embeddable":true,"href":"https:\/\/sintesis.com.mx\/puebla\/wp-json\/wp\/v2\/users\/26"}],"replies":[{"embeddable":true,"href":"https:\/\/sintesis.com.mx\/puebla\/wp-json\/wp\/v2\/comments?post=231898"}],"version-history":[{"count":0,"href":"https:\/\/sintesis.com.mx\/puebla\/wp-json\/wp\/v2\/posts\/231898\/revisions"}],"wp:attachment":[{"href":"https:\/\/sintesis.com.mx\/puebla\/wp-json\/wp\/v2\/media?parent=231898"}],"wp:term":[{"taxonomy":"category","embeddable":true,"href":"https:\/\/sintesis.com.mx\/puebla\/wp-json\/wp\/v2\/categories?post=231898"},{"taxonomy":"post_tag","embeddable":true,"href":"https:\/\/sintesis.com.mx\/puebla\/wp-json\/wp\/v2\/tags?post=231898"},{"taxonomy":"yst_prominent_words","embeddable":true,"href":"https:\/\/sintesis.com.mx\/puebla\/wp-json\/wp\/v2\/yst_prominent_words?post=231898"}],"curies":[{"name":"wp","href":"https:\/\/api.w.org\/{rel}","templated":true}]}}