{"id":233345,"date":"2021-05-09T16:54:49","date_gmt":"2021-05-09T21:54:49","guid":{"rendered":"https:\/\/sintesis.com.mx\/puebla\/?p=233345"},"modified":"2021-05-09T16:54:49","modified_gmt":"2021-05-09T21:54:49","slug":"proyecto-investigadores-estudiantes","status":"publish","type":"post","link":"https:\/\/sintesis.com.mx\/puebla\/2021\/05\/09\/proyecto-investigadores-estudiantes\/","title":{"rendered":"Proyecto de investigadores y estudiantes BUAP gana menci\u00f3n especial en Premios Golden Cubes de la Uni\u00f3n Internacional de Arquitectos"},"content":{"rendered":"<p>De <strong>71 trabajos de 29 pa\u00edses<\/strong>, el <strong>proyecto \u201cMaquetas t\u00e1ctiles para ni\u00f1os con ceguera y debilidad visual\u201d<\/strong> desarrollado por el grupo Re Genera Espacio, integrado por investigadores y estudiantes de la <strong><a href=\"https:\/\/sintesis.com.mx\/puebla\/2021\/05\/06\/buap-mejores-universidades\/\">Facultad<\/a> de Arquitectura de la <a href=\"https:\/\/twitter.com\/BUAPoficial?ref_src=twsrc%5Egoogle%7Ctwcamp%5Eserp%7Ctwgr%5Eauthor\">BUAP<\/a>, obtuvo Menci\u00f3n Especial en los Premios Golden Cubes 2020-2021<\/strong>, por parte del <strong>programa Arquitectura &amp; Ni\u00f1os de la Uni\u00f3n Internacional de Arquitectos (UIA)<\/strong>, en la categor\u00eda Instituciones.<\/p>\n<p>En la deliberaci\u00f3n, el jurado \u2013conformado por profesionales de la arquitectura de diversos pa\u00edses- coment\u00f3 al respecto:<\/p>\n<p>\u201cUn proyecto sensible destinado a llegar a las y los ni\u00f1os ciegos y con discapacidad visual. A trav\u00e9s de modelos t\u00e1ctiles y experimentos sonoros, se desarrolla la conciencia de la ni\u00f1ez sobre la arquitectura y el entorno urbano\u201d.<\/p>\n<p>Esta propuesta fue desarrollada por los doctores Adriana Hern\u00e1ndez S\u00e1nchez y Christian Enrique de la Torre S\u00e1nchez; as\u00ed como por los alumnos Luis Gerardo C\u00f3rdova Moreno, Francisco Javier V\u00e1zquez y Jes\u00fas Manuel Mej\u00eda S\u00e1nchez.<\/p>\n<p>Desde 2018, el equipo ha trabajado en la creaci\u00f3n de herramientas alternativas para mejorar el aprendizaje de la movilidad y la comprensi\u00f3n espacial urbana, para personas con discapacidad visual de 6 a 12 a\u00f1os. Para lo cual, elaboraron una maqueta del templo de San Antonio, en colaboraci\u00f3n con el FabLab Ibero Puebla, y un plano cartesiano de 90 manzanas del Centro Hist\u00f3rico de la ciudad, con ayuda del Laboratorio de Tecnolog\u00edas 3D de la Facultad de Arquitectura de la Instituci\u00f3n.<\/p>\n<p>Adem\u00e1s, han colaborado con organizaciones civiles dedicadas a la educaci\u00f3n de ni\u00f1os con discapacidad visual, como Leyer\u2019s Puebla, para mejorar estos materiales a partir de la valoraci\u00f3n de las y los ni\u00f1os y sus profesores.<\/p>\n<p>Cabe destacar que este proyecto creado por investigadores y estudiantes de la BUAP gan\u00f3 un reconocimiento como una de las Buenas Pr\u00e1cticas de Accesibilidad en 2019 por la Design for All Foundation, con sede en Barcelona, Espa\u00f1a, en la categor\u00eda Proyectos, propuestas, metodolog\u00edas y estudios. Asimismo, compite como Mejor Pr\u00e1ctica en el periodo 2020, cuyo resultado se dar\u00e1 a conocer a finales de mayo.<\/p>\n<p>Los Premios Golden Cubes se crearon para honrar a las personas y organizaciones que ayudan a la ni\u00f1ez y juventud a comprender la arquitectura. En esta edici\u00f3n y tras un proceso de selecci\u00f3n nacional, 29 pa\u00edses presentaron 71 nominaciones a un jurado internacional en cuatro categor\u00edas: Instituciones, Escuelas, Medios escritos y Medios audiovisuales.<\/p>\n<p>En la categor\u00eda Instituciones compitieron 27 trabajos, de estos la propuesta ganadora fue \u201cUna ciudad en expansi\u00f3n\u201d de Suecia; mientras \u201cMaquetas t\u00e1ctiles para ni\u00f1os con ceguera y debilidad visual\u201d de M\u00e9xico y \u201cBuild\u201d de Reino Unido obtuvieron menciones especiales.<\/p>\n<p>Los premios y menciones especiales se entregar\u00e1n en una ceremonia oficial de premiaci\u00f3n como parte del 27\u00ba Congreso de Arquitectura de la UIA en julio. Los ganadores de premios internacionales, menciones especiales y los 71 mejores proyectos de las nominaciones nacionales se exhibir\u00e1n virtualmente a partir de julio en la p\u00e1gina y redes sociales de la Uni\u00f3n Internacional de Arquitectos.<\/p>\n\n","protected":false},"excerpt":{"rendered":"<p>De 71 trabajos de 29 pa\u00edses, el proyecto \u201cMaquetas t\u00e1ctiles para ni\u00f1os con ceguera y debilidad visual\u201d desarrollado por el grupo Re Genera Espacio, integrado por investigadores y estudiantes de la Facultad de Arquitectura de la BUAP, obtuvo Menci\u00f3n Especial en los Premios Golden Cubes 2020-2021, por parte del programa Arquitectura &amp; Ni\u00f1os de la [&hellip;]<\/p>\n","protected":false},"author":26,"featured_media":0,"comment_status":"open","ping_status":"open","sticky":false,"template":"","format":"standard","meta":{"footnotes":""},"categories":[46847,3,11],"tags":[311,72214,47256,19669,2150,72213,17648,11834,55793,7120,1694,18,23,8253,54483],"yst_prominent_words":[52796,52788,52783,67473],"class_list":["post-233345","post","type-post","status-publish","format-standard","hentry","category-esfera-universitaria","category-puebla","category-slide","tag-buap","tag-cubes","tag-esfera-universitaria","tag-especial","tag-estudiantes","tag-golden","tag-internacional","tag-investigadores","tag-mencion","tag-premios","tag-proyecto","tag-puebla","tag-slide","tag-slideapp","tag-union"],"_links":{"self":[{"href":"https:\/\/sintesis.com.mx\/puebla\/wp-json\/wp\/v2\/posts\/233345"}],"collection":[{"href":"https:\/\/sintesis.com.mx\/puebla\/wp-json\/wp\/v2\/posts"}],"about":[{"href":"https:\/\/sintesis.com.mx\/puebla\/wp-json\/wp\/v2\/types\/post"}],"author":[{"embeddable":true,"href":"https:\/\/sintesis.com.mx\/puebla\/wp-json\/wp\/v2\/users\/26"}],"replies":[{"embeddable":true,"href":"https:\/\/sintesis.com.mx\/puebla\/wp-json\/wp\/v2\/comments?post=233345"}],"version-history":[{"count":0,"href":"https:\/\/sintesis.com.mx\/puebla\/wp-json\/wp\/v2\/posts\/233345\/revisions"}],"wp:attachment":[{"href":"https:\/\/sintesis.com.mx\/puebla\/wp-json\/wp\/v2\/media?parent=233345"}],"wp:term":[{"taxonomy":"category","embeddable":true,"href":"https:\/\/sintesis.com.mx\/puebla\/wp-json\/wp\/v2\/categories?post=233345"},{"taxonomy":"post_tag","embeddable":true,"href":"https:\/\/sintesis.com.mx\/puebla\/wp-json\/wp\/v2\/tags?post=233345"},{"taxonomy":"yst_prominent_words","embeddable":true,"href":"https:\/\/sintesis.com.mx\/puebla\/wp-json\/wp\/v2\/yst_prominent_words?post=233345"}],"curies":[{"name":"wp","href":"https:\/\/api.w.org\/{rel}","templated":true}]}}