{"id":236852,"date":"2021-06-02T16:11:39","date_gmt":"2021-06-02T21:11:39","guid":{"rendered":"https:\/\/sintesis.com.mx\/puebla\/?p=236852"},"modified":"2021-06-02T16:11:39","modified_gmt":"2021-06-02T21:11:39","slug":"premura-tiempos-debate","status":"publish","type":"post","link":"https:\/\/sintesis.com.mx\/puebla\/2021\/06\/02\/premura-tiempos-debate\/","title":{"rendered":"Por premura en tiempos, se quedan sin debate en SACH"},"content":{"rendered":"<p>La premura de tiempo y lugar propici\u00f3 que el debate aprobado a unas horas de concluir el proceso de campa\u00f1a por el <strong>Instituto Estatal Electoral entre candidatos a la presidencia de San Andr\u00e9s Cholula<\/strong> no se llevara a cabo, y es que s\u00f3lo el abanderado del<strong><a href=\"https:\/\/sintesis.com.mx\/puebla\/2021\/05\/27\/tlaxcalancingo-suma-tlatehui\/\"> PAN<\/a>, <a href=\"https:\/\/twitter.com\/mundo_tlatehui\">Edmundo Tlatehui Percino<\/a><\/strong> confirm\u00f3 su participaci\u00f3n.<\/p>\n<p>Fue apenas este martes cuando el organismo electoral cuestion\u00f3 a los candidatos si podr\u00edan asistir a este evento, esto sin tener determinado lugar y hora para este ejercicio democr\u00e1tico, pero la mayor\u00eda desestim\u00f3 este acto debido a que de hacerlo tendr\u00edan que organizarlo en unas horas.<\/p>\n<p>Al respecto, el panista Edmundo Tlatehui se\u00f1al\u00f3 que \u00e9l estaba en la posici\u00f3n de aceptar pero el resto de los contendientes al tener una agenda de actividades programadas les impidi\u00f3 realizar este evento, <strong>\u201cdesafortunadamente no tendremos debate, hoy la ciudadan\u00eda tendr\u00e1 que calificar con las propuestas que hemos presentado\u201d.<\/strong><\/p>\n<p>Cabe destacar que Felipe Sandoval fue uno de los candidatos que buscaba llevar a cabo esta pr\u00e1ctica, sin embargo, fue hasta el primero de junio cuando el organismo electoral determino dar el aval al mismo, sin dar tiempo de preparar nada m\u00e1s.<\/p>\n<p>Organizaciones civiles intentaron replicar esta acci\u00f3n como \u00ab<strong>Predio denominado San Andr\u00e9s Cholula\u00bb<\/strong> que lanz\u00f3 la invitaci\u00f3n a los once aspirantes para dar a conocer sus propuestas, pero s\u00f3lo el abanderado de<strong> RSP, Carlos Mac\u00edas Corche\u00f1uk se dio cita.<\/strong><\/p>\n<p>En su intervenci\u00f3n mencion\u00f3 los ejes de su campa\u00f1a \u201ces de vital importancia la\u00a0 seguridad en nuestro municipio; la participaci\u00f3n\u00a0 ciudadana es\u00a0 eje fundamental para mi Gobierno as\u00ed como\u00a0 el desarrollo y equidad para las mujeres\u00bb.<\/p>\n<figure id=\"attachment_236853\" aria-describedby=\"caption-attachment-236853\" style=\"width: 1200px\" class=\"wp-caption alignnone\"><img loading=\"lazy\" decoding=\"async\" class=\"wp-image-236853 size-full\" src=\"https:\/\/sintesis.com.mx\/puebla\/wp-content\/uploads\/2021\/06\/WhatsApp-Image-2021-05-31-at-12.54.53.jpeg\" alt=\"\" width=\"1200\" height=\"1600\" \/><figcaption id=\"caption-attachment-236853\" class=\"wp-caption-text\">Organizaciones buscaron generar un encuentro, sin embargo los candidatos desestimaron estas acciones<\/figcaption><\/figure>\n","protected":false},"excerpt":{"rendered":"<p>La premura de tiempo y lugar propici\u00f3 que el debate aprobado a unas horas de concluir el proceso de campa\u00f1a por el Instituto Estatal Electoral entre candidatos a la presidencia de San Andr\u00e9s Cholula no se llevara a cabo, y es que s\u00f3lo el abanderado del PAN, Edmundo Tlatehui Percino confirm\u00f3 su participaci\u00f3n. Fue apenas [&hellip;]<\/p>\n","protected":false},"author":6,"featured_media":0,"comment_status":"open","ping_status":"open","sticky":false,"template":"","format":"standard","meta":{"footnotes":""},"categories":[12,72261,9,3,11],"tags":[9855,72870,9798,402,13533,28,18,59,23,8253],"yst_prominent_words":[31093,31090,34347,33304,30798,29943,56280,33288,30081,30447,50653,29640,31089,31087,30479,29798],"class_list":["post-236852","post","type-post","status-publish","format-standard","hentry","category-cholula","category-elecciones","category-municipios","category-puebla","category-slide","tag-debate","tag-desestiman-encuentros-entre-candidatos","tag-edmundo-tlatehui-percino","tag-elecciones","tag-instituto-estatal-electoral","tag-municipios","tag-puebla","tag-san-andres-cholula","tag-slide","tag-slideapp"],"_links":{"self":[{"href":"https:\/\/sintesis.com.mx\/puebla\/wp-json\/wp\/v2\/posts\/236852"}],"collection":[{"href":"https:\/\/sintesis.com.mx\/puebla\/wp-json\/wp\/v2\/posts"}],"about":[{"href":"https:\/\/sintesis.com.mx\/puebla\/wp-json\/wp\/v2\/types\/post"}],"author":[{"embeddable":true,"href":"https:\/\/sintesis.com.mx\/puebla\/wp-json\/wp\/v2\/users\/6"}],"replies":[{"embeddable":true,"href":"https:\/\/sintesis.com.mx\/puebla\/wp-json\/wp\/v2\/comments?post=236852"}],"version-history":[{"count":0,"href":"https:\/\/sintesis.com.mx\/puebla\/wp-json\/wp\/v2\/posts\/236852\/revisions"}],"wp:attachment":[{"href":"https:\/\/sintesis.com.mx\/puebla\/wp-json\/wp\/v2\/media?parent=236852"}],"wp:term":[{"taxonomy":"category","embeddable":true,"href":"https:\/\/sintesis.com.mx\/puebla\/wp-json\/wp\/v2\/categories?post=236852"},{"taxonomy":"post_tag","embeddable":true,"href":"https:\/\/sintesis.com.mx\/puebla\/wp-json\/wp\/v2\/tags?post=236852"},{"taxonomy":"yst_prominent_words","embeddable":true,"href":"https:\/\/sintesis.com.mx\/puebla\/wp-json\/wp\/v2\/yst_prominent_words?post=236852"}],"curies":[{"name":"wp","href":"https:\/\/api.w.org\/{rel}","templated":true}]}}