{"id":237860,"date":"2021-06-10T10:23:30","date_gmt":"2021-06-10T15:23:30","guid":{"rendered":"https:\/\/sintesis.com.mx\/puebla\/?p=237860"},"modified":"2021-06-10T10:23:30","modified_gmt":"2021-06-10T15:23:30","slug":"impulsa-secretaria-cultura-primer-festival-la-diversidad-sexual","status":"publish","type":"post","link":"https:\/\/sintesis.com.mx\/puebla\/2021\/06\/10\/impulsa-secretaria-cultura-primer-festival-la-diversidad-sexual\/","title":{"rendered":"Impulsa Secretar\u00eda de Cultura Primer Festival por la Diversidad Sexual"},"content":{"rendered":"<p>Para fortalecer el <strong>respeto a todas las personas<\/strong> sin importar su g\u00e9nero u orientaci\u00f3n <strong>sexual<\/strong>, la <a href=\"https:\/\/twitter.com\/CulturaGobPue?ref_src=twsrc%5Egoogle%7Ctwcamp%5Eserp%7Ctwgr%5Eauthor\"><strong>Secretar\u00eda de Cultura<\/strong> <\/a>impulsa el <strong>Primer Festival Cultural por la Diversidad Sexual <a href=\"https:\/\/sintesis.com.mx\/puebla\/2021\/06\/09\/lleva-cultura-actividades\/\">\u201cColores\u201d<\/a>, a desarrollarse del 11 al 28 de junio con eventos virtuales y presenciales<\/strong>, en los que se aplicar\u00e1n las medidas de sanidad correspondientes por la pandemia de COVID-19.<\/p>\n<p>El viernes 11 de junio, de 17:30 a 19:00 horas, se realizar\u00e1n los siguientes eventos en la Casa de la Cultura \u00abPedro \u00c1ngel Palou P\u00e9rez\u201d: Performance \u00abNefando, lo que no se debe decir\u00bb, del artista Santo Miguelito; la inauguraci\u00f3n de la exposici\u00f3n \u00abDi-sentires Disidentes\u00bb, en la Sala Juan Tinoco y la interpretaci\u00f3n de la Colectiva \u00abLa Revirada\u201d Tango.<\/p>\n<p>De manera virtual, la dependencia proyectar\u00e1 el viernes 18 de junio dos videos de danza: \u201cPandemonio\u201d, de Jes\u00fas Hern\u00e1ndez Mart\u00ednez, a las 20:30 horas; y a las 21:00 horas, \u201cLazos de cebolla\u201d de Andrea Carmona por Facebook Live (Secretar\u00eda de Cultura Puebla); ambos son proyectos beneficiados por la convocatoria Cultura en Casa 2020.<\/p>\n<p>Adem\u00e1s, a las 22:00 horas durante los d\u00edas 18, 19 y 20 de junio, la Secretar\u00eda presentar\u00e1 la obra de teatro \u00abEl evangelio seg\u00fan Santa Rita\u00bb de la compa\u00f1\u00eda Las Reinas Chulas, por el canal de Youtube de la dependencia.<\/p>\n<p>En la Cinemateca \u201cLuis Bu\u00f1uel\u201d, ubicada en 5 Oriente n\u00famero 5 colonia Centro, ser\u00e1 proyectada la pel\u00edcula \u00abLas Flores de la noche\u00bb y el documental \u00abLa utop\u00eda de la mariposa\u00bb, el 24 y 25 de junio, respectivamente, a las 18:00 horas. Para el cierre del Festival, el d\u00eda 28 se transmitir\u00e1n los espect\u00e1culos \u00abEl amor es para todos\u2026 y h\u00e1ganle como quieran\u00bb de la compa\u00f1\u00eda M\u00e9xico de Colores de Ciudad de M\u00e9xico, y \u00abVibraciones del Alma\u00bb de la compa\u00f1\u00eda Tango Queer MX, lo anterior a las 20:00 y 21:00 horas, respectivamente.<\/p>\n<p>Para m\u00e1s informaci\u00f3n sobre la programaci\u00f3n de los horarios y sedes de los diferentes eventos, las y los ciudadanos pueden consultar las redes sociales oficiales de la Secretar\u00eda: Facebook (Secretar\u00eda de Cultura Puebla) y Twitter (@CulturaGobPue) y\/o ingresar al sitio web de la dependencia: http:\/\/sc.puebla.gob.mx\/<\/p>\n","protected":false},"excerpt":{"rendered":"<p>Para fortalecer el respeto a todas las personas sin importar su g\u00e9nero u orientaci\u00f3n sexual, la Secretar\u00eda de Cultura impulsa el Primer Festival Cultural por la Diversidad Sexual \u201cColores\u201d, a desarrollarse del 11 al 28 de junio con eventos virtuales y presenciales, en los que se aplicar\u00e1n las medidas de sanidad correspondientes por la pandemia [&hellip;]<\/p>\n","protected":false},"author":26,"featured_media":0,"comment_status":"open","ping_status":"open","sticky":false,"template":"","format":"standard","meta":{"footnotes":""},"categories":[5,3],"tags":[30,70319,2205,53316,60739,18,5856,16346],"yst_prominent_words":[30028,30067,65417,31045,30373,53583,30199,29647,30150,31619,36164,30061,31670,29660,46509,30600,31531],"class_list":["post-237860","post","type-post","status-publish","format-standard","hentry","category-cultura","category-puebla","tag-cultura","tag-diversidad","tag-festival","tag-impulsa","tag-primer","tag-puebla","tag-secretaria","tag-sexual"],"_links":{"self":[{"href":"https:\/\/sintesis.com.mx\/puebla\/wp-json\/wp\/v2\/posts\/237860"}],"collection":[{"href":"https:\/\/sintesis.com.mx\/puebla\/wp-json\/wp\/v2\/posts"}],"about":[{"href":"https:\/\/sintesis.com.mx\/puebla\/wp-json\/wp\/v2\/types\/post"}],"author":[{"embeddable":true,"href":"https:\/\/sintesis.com.mx\/puebla\/wp-json\/wp\/v2\/users\/26"}],"replies":[{"embeddable":true,"href":"https:\/\/sintesis.com.mx\/puebla\/wp-json\/wp\/v2\/comments?post=237860"}],"version-history":[{"count":0,"href":"https:\/\/sintesis.com.mx\/puebla\/wp-json\/wp\/v2\/posts\/237860\/revisions"}],"wp:attachment":[{"href":"https:\/\/sintesis.com.mx\/puebla\/wp-json\/wp\/v2\/media?parent=237860"}],"wp:term":[{"taxonomy":"category","embeddable":true,"href":"https:\/\/sintesis.com.mx\/puebla\/wp-json\/wp\/v2\/categories?post=237860"},{"taxonomy":"post_tag","embeddable":true,"href":"https:\/\/sintesis.com.mx\/puebla\/wp-json\/wp\/v2\/tags?post=237860"},{"taxonomy":"yst_prominent_words","embeddable":true,"href":"https:\/\/sintesis.com.mx\/puebla\/wp-json\/wp\/v2\/yst_prominent_words?post=237860"}],"curies":[{"name":"wp","href":"https:\/\/api.w.org\/{rel}","templated":true}]}}