{"id":238425,"date":"2021-06-14T16:59:23","date_gmt":"2021-06-14T21:59:23","guid":{"rendered":"https:\/\/sintesis.com.mx\/puebla\/?p=238425"},"modified":"2021-06-14T16:59:23","modified_gmt":"2021-06-14T21:59:23","slug":"rector-buap-aeo-justicia","status":"publish","type":"post","link":"https:\/\/sintesis.com.mx\/puebla\/2021\/06\/14\/rector-buap-aeo-justicia\/","title":{"rendered":"Alfonso Esparza exige justicia y se investigue asesinato de Juan Carlos Portillo P\u00e9rez"},"content":{"rendered":"<p>El <strong>rector de la Benem\u00e9rita Universidad Aut\u00f3noma de Puebla (<a href=\"https:\/\/sintesis.com.mx\/puebla\/2021\/06\/14\/investigadores-ifuap-emplean\/\">BUAP<\/a>), <a href=\"https:\/\/twitter.com\/alfonsoesparzao?ref_src=twsrc%5Egoogle%7Ctwcamp%5Eserp%7Ctwgr%5Eauthor\">Alfonso Esparza Ortiz<\/a><\/strong>, pidi\u00f3 que se <strong>investigue y esclarezca el asesinato del estudiante egresado<\/strong> de la <strong>Facultad de Artes Pl\u00e1sticas y Visuales (ARPA), Juan Carlos Portillo P\u00e9rez<\/strong>, quien muri\u00f3\u00a0por golpes, luego de ser detenido por elementos de la\u00a0polic\u00eda\u00a0municipal de San Miguel Xoxtla.<\/p>\n<p>Aunado a lo anterior, dijo que lamentablemente\u00a0dicho estudiante fue encontrado sin vida Juan Carlos Portillo, egresado de la m\u00e1xima casa de estudios, luego de ser detenido.<\/p>\n<p>Por lo que envi\u00f3 sus condolencias\u00a0a sus familiares, amigos y a la comunidad art\u00edstica.<\/p>\n<p>Esparza Ortiz exigi\u00f3 que se investigue a fondo el caso y que se castigue a los responsables.<\/p>\n<blockquote class=\"twitter-tweet\" data-width=\"550\" data-dnt=\"true\">\n<p lang=\"es\" dir=\"ltr\">Nuestro egresado de <a href=\"https:\/\/twitter.com\/ARPA_BUAP?ref_src=twsrc%5Etfw\">@ARPA_BUAP<\/a>, Juan Carlos Portillo, fue encontrado sin vida luego de ser detenido. Env\u00edo mis m\u00e1s sinceras condolencias a familiares, amigos y comunidad art\u00edstica.<\/p>\n<p>Exigimos se investigue a fondo y en su caso, se castigue a los responsables.<a href=\"https:\/\/twitter.com\/hashtag\/JusticiaParaCarlos?src=hash&amp;ref_src=twsrc%5Etfw\">#JusticiaParaCarlos<\/a><\/p>\n<p>&mdash; ALFONSO ESPARZA O. (@alfonsoesparzao) <a href=\"https:\/\/twitter.com\/alfonsoesparzao\/status\/1404522627599941635?ref_src=twsrc%5Etfw\">June 14, 2021<\/a><\/p><\/blockquote>\n<p><script async src=\"https:\/\/platform.twitter.com\/widgets.js\" charset=\"utf-8\"><\/script><\/p>\n","protected":false},"excerpt":{"rendered":"<p>El rector de la Benem\u00e9rita Universidad Aut\u00f3noma de Puebla (BUAP), Alfonso Esparza Ortiz, pidi\u00f3 que se investigue y esclarezca el asesinato del estudiante egresado de la Facultad de Artes Pl\u00e1sticas y Visuales (ARPA), Juan Carlos Portillo P\u00e9rez, quien muri\u00f3\u00a0por golpes, luego de ser detenido por elementos de la\u00a0polic\u00eda\u00a0municipal de San Miguel Xoxtla. Aunado a lo [&hellip;]<\/p>\n","protected":false},"author":26,"featured_media":0,"comment_status":"open","ping_status":"open","sticky":false,"template":"","format":"standard","meta":{"footnotes":""},"categories":[46847,3,11],"tags":[311,73157,50826,47256,23333,18,23,8253],"yst_prominent_words":[34664,31585,63445,31902,31196,33541,44336,30576,35429,31903,54746],"class_list":["post-238425","post","type-post","status-publish","format-standard","hentry","category-esfera-universitaria","category-puebla","category-slide","tag-buap","tag-condolesncias","tag-egresado","tag-esfera-universitaria","tag-piden-justicia","tag-puebla","tag-slide","tag-slideapp"],"_links":{"self":[{"href":"https:\/\/sintesis.com.mx\/puebla\/wp-json\/wp\/v2\/posts\/238425"}],"collection":[{"href":"https:\/\/sintesis.com.mx\/puebla\/wp-json\/wp\/v2\/posts"}],"about":[{"href":"https:\/\/sintesis.com.mx\/puebla\/wp-json\/wp\/v2\/types\/post"}],"author":[{"embeddable":true,"href":"https:\/\/sintesis.com.mx\/puebla\/wp-json\/wp\/v2\/users\/26"}],"replies":[{"embeddable":true,"href":"https:\/\/sintesis.com.mx\/puebla\/wp-json\/wp\/v2\/comments?post=238425"}],"version-history":[{"count":0,"href":"https:\/\/sintesis.com.mx\/puebla\/wp-json\/wp\/v2\/posts\/238425\/revisions"}],"wp:attachment":[{"href":"https:\/\/sintesis.com.mx\/puebla\/wp-json\/wp\/v2\/media?parent=238425"}],"wp:term":[{"taxonomy":"category","embeddable":true,"href":"https:\/\/sintesis.com.mx\/puebla\/wp-json\/wp\/v2\/categories?post=238425"},{"taxonomy":"post_tag","embeddable":true,"href":"https:\/\/sintesis.com.mx\/puebla\/wp-json\/wp\/v2\/tags?post=238425"},{"taxonomy":"yst_prominent_words","embeddable":true,"href":"https:\/\/sintesis.com.mx\/puebla\/wp-json\/wp\/v2\/yst_prominent_words?post=238425"}],"curies":[{"name":"wp","href":"https:\/\/api.w.org\/{rel}","templated":true}]}}