{"id":239004,"date":"2021-06-18T14:20:38","date_gmt":"2021-06-18T19:20:38","guid":{"rendered":"https:\/\/sintesis.com.mx\/puebla\/?p=239004"},"modified":"2021-06-18T14:20:38","modified_gmt":"2021-06-18T19:20:38","slug":"el-piruli-ya-se-encuentra-en-penal-de","status":"publish","type":"post","link":"https:\/\/sintesis.com.mx\/puebla\/2021\/06\/18\/el-piruli-ya-se-encuentra-en-penal-de\/","title":{"rendered":"\u00abEl Pirul\u00ed\u00bb ya se encuentra en penal de Tepeji de Rodr\u00edguez"},"content":{"rendered":"<p>Felipe Hern\u00e1ndez Tlatelpa, alias <strong>\u201cEl Pirul\u00ed\u201d<\/strong> ya se encuentra en el penal de Tepeji de Rodr\u00edguez, en donde tendr\u00e1 que declarar las complicidades que hizo para su escape del Centro de Reinserci\u00f3n Social (Cereso) de San Miguel, inform\u00f3 el gobernador, Miguel Barbosa Huerta y extendi\u00f3 una felicitaci\u00f3n a las autoridades por su labor de inteligencia para su captura.<\/p>\n<p><strong>\u201cSeguramente el reo, ya reo ahora el Tepeji de Rodr\u00edguez, no en San Miguel, habr\u00e1 de declarar las complicidades que construy\u00f3 para haberse evadido y todo lo que paso, para que todo quede cuadradito\u201d<\/strong>, expres\u00f3 el mandatario estatal durante videoconferencia tras la trascendencia de la noticia durante la noche de ayer.<\/p>\n<p><strong>\u201cFelicito a la Fiscal\u00eda General del Estado, a su titular, el doctor Gilberto Higuera Bernal, a la polic\u00eda ministerial por su labor de inteligencia, las circunstancias que permitieron ubicar a este se\u00f1or Pirul\u00ed y poder regresar all\u00e1, donde tendr\u00e1 que ser su casa por mucho tiempo, los reclusorios, donde la autoridad lo ubique\u201d<\/strong>, a\u00f1adi\u00f3 Barbosa Huerta.<\/p>\n<p>Seg\u00fan revel\u00f3 v\u00eda bolet\u00edn informativo la Fiscal\u00eda, Felipe N. alias \u201cEl Pirul\u00ed\u201d, reo que se fug\u00f3 del penal de San Miguel el pasado 6 de junio, fue ubicado por elementos de la Agencia Estatal de Investigaci\u00f3n y capturado en <strong>Mart\u00ednez<\/strong> de la Torre, Veracruz, donde se mantuvo oculto con sus familiares. Por la investigaci\u00f3n de la fuga, permanecen en prisi\u00f3n 15 personas.<\/p>\n","protected":false},"excerpt":{"rendered":"<p>Felipe Hern\u00e1ndez Tlatelpa, alias \u201cEl Pirul\u00ed\u201d ya se encuentra en el penal de Tepeji de Rodr\u00edguez, en donde tendr\u00e1 que declarar las complicidades que hizo para su escape del Centro de Reinserci\u00f3n Social (Cereso) de San Miguel, inform\u00f3 el gobernador, Miguel Barbosa Huerta y extendi\u00f3 una felicitaci\u00f3n a las autoridades por su labor de inteligencia [&hellip;]<\/p>\n","protected":false},"author":13,"featured_media":0,"comment_status":"open","ping_status":"open","sticky":false,"template":"","format":"standard","meta":{"footnotes":""},"categories":[8,3,11],"tags":[73003,41,6649,27,8254,2038,9402,493,23,20668,40526,73291],"yst_prominent_words":[35806,29571,29559,40637,29572,37652,29568,32893,31790,29640,36739],"class_list":["post-239004","post","type-post","status-publish","format-standard","hentry","category-hoyesnoticia","category-puebla","category-slide","tag-el-piruli","tag-es-noticia","tag-fuga","tag-hoyesnoticia","tag-hoyesnoticiaapp","tag-recaptura","tag-reo","tag-san-miguel","tag-slide","tag-slider","tag-sliderapp","tag-tepeji-de-rodriguez"],"_links":{"self":[{"href":"https:\/\/sintesis.com.mx\/puebla\/wp-json\/wp\/v2\/posts\/239004"}],"collection":[{"href":"https:\/\/sintesis.com.mx\/puebla\/wp-json\/wp\/v2\/posts"}],"about":[{"href":"https:\/\/sintesis.com.mx\/puebla\/wp-json\/wp\/v2\/types\/post"}],"author":[{"embeddable":true,"href":"https:\/\/sintesis.com.mx\/puebla\/wp-json\/wp\/v2\/users\/13"}],"replies":[{"embeddable":true,"href":"https:\/\/sintesis.com.mx\/puebla\/wp-json\/wp\/v2\/comments?post=239004"}],"version-history":[{"count":0,"href":"https:\/\/sintesis.com.mx\/puebla\/wp-json\/wp\/v2\/posts\/239004\/revisions"}],"wp:attachment":[{"href":"https:\/\/sintesis.com.mx\/puebla\/wp-json\/wp\/v2\/media?parent=239004"}],"wp:term":[{"taxonomy":"category","embeddable":true,"href":"https:\/\/sintesis.com.mx\/puebla\/wp-json\/wp\/v2\/categories?post=239004"},{"taxonomy":"post_tag","embeddable":true,"href":"https:\/\/sintesis.com.mx\/puebla\/wp-json\/wp\/v2\/tags?post=239004"},{"taxonomy":"yst_prominent_words","embeddable":true,"href":"https:\/\/sintesis.com.mx\/puebla\/wp-json\/wp\/v2\/yst_prominent_words?post=239004"}],"curies":[{"name":"wp","href":"https:\/\/api.w.org\/{rel}","templated":true}]}}