{"id":240185,"date":"2021-06-26T14:25:26","date_gmt":"2021-06-26T19:25:26","guid":{"rendered":"https:\/\/sintesis.com.mx\/puebla\/?p=240185"},"modified":"2021-06-26T14:25:26","modified_gmt":"2021-06-26T19:25:26","slug":"analizan-posibilidad-abrir","status":"publish","type":"post","link":"https:\/\/sintesis.com.mx\/puebla\/2021\/06\/26\/analizan-posibilidad-abrir\/","title":{"rendered":"Analizan posibilidad de abrir un d\u00eda m\u00e1s el Santuario de Cholula"},"content":{"rendered":"<p><strong>San Pedro Cholula.<\/strong> A ra\u00edz de la flexibilizaci\u00f3n de los decretos por la contingencia sanitaria, el <strong>presidente de la Mesa Directiva de este templo, Gregorio Porras V\u00e1zquez<\/strong> dio a conocer que est\u00e1n estudiando la posibilidad de poder mantener la operaci\u00f3n del<strong><a href=\"https:\/\/sintesis.com.mx\/puebla\/2021\/04\/04\/cientos-visitan-santuario\/\"> Santuario<\/a> de la Virgen de los Remedios<\/strong> un d\u00eda m\u00e1s, y ser\u00e1 en breve cuando se defina el acceso.<\/p>\n<p style=\"text-align: center;\"><strong>\u201cEstaremos rindiendo un balance de los resultados desde la fecha de apertura hasta el momento con el p\u00e1rroco, consideramos que se puede abrir un d\u00eda m\u00e1s la operaci\u00f3n de la reja o en su caso incrementaremos ligeramente el n\u00famero de personas que pueden entrar en cada uno de los grupos\u201d.<\/strong><\/p>\n<p>Porras V\u00e1zquez se\u00f1al\u00f3 que en marzo del 2020 fue cuando se decidi\u00f3 hacer el cierre de este templo, asentado en la cima de la <strong>Pir\u00e1mide de <a href=\"https:\/\/twitter.com\/GobiernoCholula?ref_src=twsrc%5Egoogle%7Ctwcamp%5Eserp%7Ctwgr%5Eauthor\">Cholula<\/a><\/strong> y fue el 5 de marzo de 2021, a un a\u00f1o de la pandemia cuando se abrieron las puertas del santuario, todo ello bajo protocolos de sanidad estrictos y con un n\u00famero restringido de personas.<\/p>\n<p>Explic\u00f3 que este<strong> Santuario<\/strong> solamente abre sus puertas de viernes a domingo en un horario de las 10:00 hasta las 17:00 horas. Record\u00f3 que el primer d\u00eda de iniciar las operaciones recibieron a 20 personas y actualmente forman grupos de cien personas en cada uno de los horarios, por lo que al d\u00eda reciben a m\u00e1s de 600 visitantes.<\/p>\n<p style=\"text-align: center;\"><strong>\u201cDe viernes a domingo recibimos a m\u00e1s de mil 800 turistas, en su mayor\u00eda son personas de Puebla o de otras entidades, hemos visto que no acuden cholultecas, ellos no visitan este templo s\u00f3lo cuando est\u00e1n las festividades\u201d.<\/strong><\/p>\n<p>La aplicaci\u00f3n de gel, uso de cubrebocas, toma de temperatura, as\u00ed como ox\u00edmetro son los principales protocolos que se realizan previo a ascender al <strong>Santuario de la Virgen de los Remedios,<\/strong> uno de los principales atractivos de este <strong>Pueblo M\u00e1gico.<\/strong><\/p>\n<blockquote class=\"twitter-tweet\" data-width=\"550\" data-dnt=\"true\">\n<p lang=\"es\" dir=\"ltr\"><a href=\"https:\/\/twitter.com\/hashtag\/Municipios?src=hash&amp;ref_src=twsrc%5Etfw\">#Municipios<\/a> I Con todos los protocolos de sanidad, Santuario de los Remedios \u26ea\ufe0f en <a href=\"https:\/\/twitter.com\/hashtag\/Cholula?src=hash&amp;ref_src=twsrc%5Etfw\">#Cholula<\/a> recibe hasta 600 personas diariamente analizan incrementar un d\u00eda m\u00e1s, explica Gregorio Porras integrante de comit\u00e9 del templo.<br \/>\ud83d\udcf9 <a href=\"https:\/\/twitter.com\/reporpue11?ref_src=twsrc%5Etfw\">@reporpue11<\/a> <a href=\"https:\/\/t.co\/qdV0VXTKhw\">pic.twitter.com\/qdV0VXTKhw<\/a><\/p>\n<p>&mdash; S\u00edntesis Puebla (@sintesisweb) <a href=\"https:\/\/twitter.com\/sintesisweb\/status\/1408839225953472516?ref_src=twsrc%5Etfw\">June 26, 2021<\/a><\/p><\/blockquote>\n<p><script async src=\"https:\/\/platform.twitter.com\/widgets.js\" charset=\"utf-8\"><\/script><\/p>\n","protected":false},"excerpt":{"rendered":"<p>San Pedro Cholula. A ra\u00edz de la flexibilizaci\u00f3n de los decretos por la contingencia sanitaria, el presidente de la Mesa Directiva de este templo, Gregorio Porras V\u00e1zquez dio a conocer que est\u00e1n estudiando la posibilidad de poder mantener la operaci\u00f3n del Santuario de la Virgen de los Remedios un d\u00eda m\u00e1s, y ser\u00e1 en breve [&hellip;]<\/p>\n","protected":false},"author":6,"featured_media":0,"comment_status":"open","ping_status":"open","sticky":false,"template":"","format":"standard","meta":{"footnotes":""},"categories":[12,9,3,11],"tags":[70992,28,18,437,8432,23,8253],"yst_prominent_words":[29783,31008,30798,30081,30262,30027,33177,31283,36735,31287,36733,36731,36728,32384,31016,32767,36732,36729],"class_list":["post-240185","post","type-post","status-publish","format-standard","hentry","category-cholula","category-municipios","category-puebla","category-slide","tag-gregorio-porras-vazquez","tag-municipios","tag-puebla","tag-san-pedro-cholula","tag-santuario-de-la-virgen-de-los-remedios","tag-slide","tag-slideapp"],"_links":{"self":[{"href":"https:\/\/sintesis.com.mx\/puebla\/wp-json\/wp\/v2\/posts\/240185"}],"collection":[{"href":"https:\/\/sintesis.com.mx\/puebla\/wp-json\/wp\/v2\/posts"}],"about":[{"href":"https:\/\/sintesis.com.mx\/puebla\/wp-json\/wp\/v2\/types\/post"}],"author":[{"embeddable":true,"href":"https:\/\/sintesis.com.mx\/puebla\/wp-json\/wp\/v2\/users\/6"}],"replies":[{"embeddable":true,"href":"https:\/\/sintesis.com.mx\/puebla\/wp-json\/wp\/v2\/comments?post=240185"}],"version-history":[{"count":0,"href":"https:\/\/sintesis.com.mx\/puebla\/wp-json\/wp\/v2\/posts\/240185\/revisions"}],"wp:attachment":[{"href":"https:\/\/sintesis.com.mx\/puebla\/wp-json\/wp\/v2\/media?parent=240185"}],"wp:term":[{"taxonomy":"category","embeddable":true,"href":"https:\/\/sintesis.com.mx\/puebla\/wp-json\/wp\/v2\/categories?post=240185"},{"taxonomy":"post_tag","embeddable":true,"href":"https:\/\/sintesis.com.mx\/puebla\/wp-json\/wp\/v2\/tags?post=240185"},{"taxonomy":"yst_prominent_words","embeddable":true,"href":"https:\/\/sintesis.com.mx\/puebla\/wp-json\/wp\/v2\/yst_prominent_words?post=240185"}],"curies":[{"name":"wp","href":"https:\/\/api.w.org\/{rel}","templated":true}]}}