{"id":241768,"date":"2021-07-06T15:59:50","date_gmt":"2021-07-06T20:59:50","guid":{"rendered":"https:\/\/sintesis.com.mx\/puebla\/?p=241768"},"modified":"2021-07-06T15:59:50","modified_gmt":"2021-07-06T20:59:50","slug":"ayuntamiento-puebla-calle","status":"publish","type":"post","link":"https:\/\/sintesis.com.mx\/puebla\/2021\/07\/06\/ayuntamiento-puebla-calle\/","title":{"rendered":"Ayuntamiento de Puebla rehabilita calle 9 oriente y Parque Jerusalem"},"content":{"rendered":"<p>El <strong><a href=\"https:\/\/sintesis.com.mx\/puebla\/2021\/07\/06\/municipio-puebla-cumplido\/\">Gobierno<\/a> <a href=\"https:\/\/twitter.com\/PueblaAyto?ref_src=twsrc%5Egoogle%7Ctwcamp%5Eserp%7Ctwgr%5Eauthor\">Municipal<\/a>, encabezado por Claudia Rivera Vivanco<\/strong>, inaugur\u00f3 los trabajos de mantenimiento preventivo y correctivo de la calle 9 oriente, as\u00ed como la rehabilitaci\u00f3n del Parque Jerusalem.<\/p>\n<p>La alcaldesa destac\u00f3 que en zonas como est\u00e1, que tienen una gran cargar vehicular, es necesario invertir en rehabilitaci\u00f3n y mantenimiento, para que sus habitantes tengan espacios dignos y funcionales.<\/p>\n<p>\u00abHoy est\u00e1n acompa\u00f1\u00e1ndome ustedes a un ejercicio de rendici\u00f3n de cuentas\u00bb, destac\u00f3 Rivera Vivanco.<\/p>\n<p>As\u00ed, el secretario de Infraestructura y Servicios P\u00fablicos, Israel Rom\u00e1n Romano, inform\u00f3 que, con una inversi\u00f3n de dos millones 998 mil 601 pesos, se llev\u00f3 a cabo la rehabilitaci\u00f3n vial de la 9 Oriente, entre el Boulevard 5 de Mayo y la Avenida 24 Sur.<\/p>\n<p>Esto representa una intervenci\u00f3n de mil 160 metros lineales que beneficia directamente a 35 mil familias de las colonias del Barrio de Analco, El Color\u00edn y Azc\u00e1rate. Adem\u00e1s, se realiz\u00f3 la re nivelaci\u00f3n de 30 pozos, cajas de v\u00e1lvulas y rejillas pluviales, se pintaron guarniciones con 775.89 metros lineales, dos mil 648.99 metros de l\u00edneas continuas y 19 logos de flechas rectas y de vuelta.<\/p>\n<p>Adem\u00e1s, como parte de un trabajo interinstitucional, la encargada de despacho de la Gerencia del Centro Hist\u00f3rico, Mar\u00eda Graciela Le\u00f3n Matamoros, afirm\u00f3 que la Zona de Monumentos debe ser intervenida de manera integral para fomentar la apropiaci\u00f3n de los espacios por parte de la ciudadan\u00eda, as\u00ed como su disfrute.<\/p>\n<p>Por parte de esta dependencia, se aplicaron repellados y pintura vin\u00edlica en muros hist\u00f3ricos de la fachada del Parque Jerusalem; consolidaron y dio mantenimiento a los contrafuertes de la fachada hist\u00f3rica; se rehabilit\u00f3, limpi\u00f3 y pint\u00f3 el mobiliario urbano, as\u00ed como el piso de los pasillos, guarniciones, cara interna de la canter\u00eda de la fuente y postes.<\/p>\n<p>Destaca, a su vez, la colocaci\u00f3n de luminarias nuevas en este parque. Las acciones realizadas por la Gerencia del Centro Hist\u00f3rico y Patrimonio Cultural representan una inversi\u00f3n de 91 mil 651 pesos, que beneficia a 41 mil habitantes con zonas de recreaci\u00f3n dignas.<\/p>\n<p>En el evento estuvieron presentes Eduardo Covi\u00e1n Carrizales, secretario de Movilidad; \u00c1ngel Rivera Ortega, regidor presidente de la Comisi\u00f3n de Infraestructura y Obra P\u00fablica; y Carmen P\u00e9rez Vidal, en representaci\u00f3n de los vecinos de la zona.<\/p>\n\n","protected":false},"excerpt":{"rendered":"<p>El Gobierno Municipal, encabezado por Claudia Rivera Vivanco, inaugur\u00f3 los trabajos de mantenimiento preventivo y correctivo de la calle 9 oriente, as\u00ed como la rehabilitaci\u00f3n del Parque Jerusalem. La alcaldesa destac\u00f3 que en zonas como est\u00e1, que tienen una gran cargar vehicular, es necesario invertir en rehabilitaci\u00f3n y mantenimiento, para que sus habitantes tengan espacios [&hellip;]<\/p>\n","protected":false},"author":26,"featured_media":0,"comment_status":"open","ping_status":"open","sticky":false,"template":"","format":"standard","meta":{"footnotes":""},"categories":[72263,3,11],"tags":[73755,425,19410,19670,73756,3285,18,66791,23,8253],"yst_prominent_words":[30257,30415,31996,45352,45350,30066,30427,30491,50773,33575,29682,31558,29661,29655,32409,29662,29865],"class_list":["post-241768","post","type-post","status-publish","format-standard","hentry","category-capital","category-puebla","category-slide","tag-9-oriente","tag-ayuntamiento","tag-calle","tag-capital","tag-jerusalem","tag-parque","tag-puebla","tag-rehabilita","tag-slide","tag-slideapp"],"_links":{"self":[{"href":"https:\/\/sintesis.com.mx\/puebla\/wp-json\/wp\/v2\/posts\/241768"}],"collection":[{"href":"https:\/\/sintesis.com.mx\/puebla\/wp-json\/wp\/v2\/posts"}],"about":[{"href":"https:\/\/sintesis.com.mx\/puebla\/wp-json\/wp\/v2\/types\/post"}],"author":[{"embeddable":true,"href":"https:\/\/sintesis.com.mx\/puebla\/wp-json\/wp\/v2\/users\/26"}],"replies":[{"embeddable":true,"href":"https:\/\/sintesis.com.mx\/puebla\/wp-json\/wp\/v2\/comments?post=241768"}],"version-history":[{"count":0,"href":"https:\/\/sintesis.com.mx\/puebla\/wp-json\/wp\/v2\/posts\/241768\/revisions"}],"wp:attachment":[{"href":"https:\/\/sintesis.com.mx\/puebla\/wp-json\/wp\/v2\/media?parent=241768"}],"wp:term":[{"taxonomy":"category","embeddable":true,"href":"https:\/\/sintesis.com.mx\/puebla\/wp-json\/wp\/v2\/categories?post=241768"},{"taxonomy":"post_tag","embeddable":true,"href":"https:\/\/sintesis.com.mx\/puebla\/wp-json\/wp\/v2\/tags?post=241768"},{"taxonomy":"yst_prominent_words","embeddable":true,"href":"https:\/\/sintesis.com.mx\/puebla\/wp-json\/wp\/v2\/yst_prominent_words?post=241768"}],"curies":[{"name":"wp","href":"https:\/\/api.w.org\/{rel}","templated":true}]}}