{"id":243087,"date":"2021-07-14T16:58:49","date_gmt":"2021-07-14T21:58:49","guid":{"rendered":"https:\/\/sintesis.com.mx\/puebla\/?p=243087"},"modified":"2021-07-14T16:58:49","modified_gmt":"2021-07-14T21:58:49","slug":"ayuntamiento-puebla-profesionaliza","status":"publish","type":"post","link":"https:\/\/sintesis.com.mx\/puebla\/2021\/07\/14\/ayuntamiento-puebla-profesionaliza\/","title":{"rendered":"Ayuntamiento de Puebla profesionaliza a empresas de \u00abYo Compro Poblano\u00bb"},"content":{"rendered":"<p>El <strong><a href=\"https:\/\/twitter.com\/PueblaAyto?ref_src=twsrc%5Egoogle%7Ctwcamp%5Eserp%7Ctwgr%5Eauthor\">Ayuntamiento<\/a> de <a href=\"https:\/\/sintesis.com.mx\/puebla\/2021\/07\/14\/relamina-ayuntamiento-puebla\/\">Puebla<\/a><\/strong>, a trav\u00e9s de la <strong>Secretar\u00eda de Desarrollo Econ\u00f3mico (Sedeco),<\/strong> <strong>profesionalizar\u00e1<\/strong> en <strong>materia digital, administrativa<\/strong> y de procesos financieros a <strong>150 empresas emanadas del Programa \u201cYo compro Poblano\u201d,<\/strong> las cuales cuentan con un mayor grado de maduraci\u00f3n y pertenecen a los puntos de venta oficiales (Plaza Dorada, Plaza Loreto, Paseo Destino y Tri\u00e1ngulo las \u00c1nimas).<\/p>\n<p>El objetivo es impulsar a las empresas y continuar con su recuperaci\u00f3n econ\u00f3mica reforzando sus procesos, a trav\u00e9s del acompa\u00f1amiento presencial y virtual enfocado en los siguientes temas: fortalecimiento de estrategias y capacitaci\u00f3n en e-commerce y marketing digital; administraci\u00f3n y finanzas; selecci\u00f3n de productos prioritarios; revisi\u00f3n y fortalecimiento de la marca y logo; modelos de negocios; y fortalecimiento en Econom\u00eda Social y Solidaria. Las capacitaciones concluir\u00e1n en el mes de septiembre.<\/p>\n<p>Mireya Calder\u00f3n Gonz\u00e1lez, titular de la dependencia, explic\u00f3 la importancia de esta capacitaci\u00f3n, ya que durante el 2020, en colaboraci\u00f3n con el Programa de Naciones Unidas para el Desarrollo (PNUD), se realiz\u00f3 un diagn\u00f3stico de la situaci\u00f3n de 734 empresas participantes del Programa \u201cYo Compro Poblano\u201d, el cual estuvo orientado a la identificaci\u00f3n de sus principales necesidades como consecuencia de la contingencia sanitaria por el COVID-19, detect\u00e1ndose la falta de flujo de efectivo como la principal problem\u00e1tica para que \u00e9stas pudieran continuar con sus actividades laborales.<\/p>\n<p>\u201cEn relaci\u00f3n a las ventas, durante el periodo de la contingencia, el 49 por ciento present\u00f3 bajas en su n\u00famero y el 48 por ciento de las empresas refiri\u00f3 la necesidad de contar con asesor\u00edas para continuar implementando estrategias comerciales y digitales durante la pandemia\u201d, por lo que asegur\u00f3 esta capacitaci\u00f3n ser\u00e1 de gran ayuda para generar mejores condiciones de empleo formal, impactando directamente en los ingresos de las iniciativas beneficiadas.<\/p>\n\n","protected":false},"excerpt":{"rendered":"<p>El Ayuntamiento de Puebla, a trav\u00e9s de la Secretar\u00eda de Desarrollo Econ\u00f3mico (Sedeco), profesionalizar\u00e1 en materia digital, administrativa y de procesos financieros a 150 empresas emanadas del Programa \u201cYo compro Poblano\u201d, las cuales cuentan con un mayor grado de maduraci\u00f3n y pertenecen a los puntos de venta oficiales (Plaza Dorada, Plaza Loreto, Paseo Destino y [&hellip;]<\/p>\n","protected":false},"author":26,"featured_media":0,"comment_status":"open","ping_status":"open","sticky":false,"template":"","format":"standard","meta":{"footnotes":""},"categories":[72263,3,11],"tags":[425,19670,1879,73985,18,23,8253,1385],"yst_prominent_words":[29920,30276,34473,29923,36928,30295,31913,43673,30137,30938,31980,29577,30142],"class_list":["post-243087","post","type-post","status-publish","format-standard","hentry","category-capital","category-puebla","category-slide","tag-ayuntamiento","tag-capital","tag-empresas","tag-profesionaliza","tag-puebla","tag-slide","tag-slideapp","tag-yo-compro-poblano"],"_links":{"self":[{"href":"https:\/\/sintesis.com.mx\/puebla\/wp-json\/wp\/v2\/posts\/243087"}],"collection":[{"href":"https:\/\/sintesis.com.mx\/puebla\/wp-json\/wp\/v2\/posts"}],"about":[{"href":"https:\/\/sintesis.com.mx\/puebla\/wp-json\/wp\/v2\/types\/post"}],"author":[{"embeddable":true,"href":"https:\/\/sintesis.com.mx\/puebla\/wp-json\/wp\/v2\/users\/26"}],"replies":[{"embeddable":true,"href":"https:\/\/sintesis.com.mx\/puebla\/wp-json\/wp\/v2\/comments?post=243087"}],"version-history":[{"count":0,"href":"https:\/\/sintesis.com.mx\/puebla\/wp-json\/wp\/v2\/posts\/243087\/revisions"}],"wp:attachment":[{"href":"https:\/\/sintesis.com.mx\/puebla\/wp-json\/wp\/v2\/media?parent=243087"}],"wp:term":[{"taxonomy":"category","embeddable":true,"href":"https:\/\/sintesis.com.mx\/puebla\/wp-json\/wp\/v2\/categories?post=243087"},{"taxonomy":"post_tag","embeddable":true,"href":"https:\/\/sintesis.com.mx\/puebla\/wp-json\/wp\/v2\/tags?post=243087"},{"taxonomy":"yst_prominent_words","embeddable":true,"href":"https:\/\/sintesis.com.mx\/puebla\/wp-json\/wp\/v2\/yst_prominent_words?post=243087"}],"curies":[{"name":"wp","href":"https:\/\/api.w.org\/{rel}","templated":true}]}}