{"id":243916,"date":"2021-07-21T17:02:10","date_gmt":"2021-07-21T22:02:10","guid":{"rendered":"https:\/\/sintesis.com.mx\/puebla\/?p=243916"},"modified":"2021-07-21T17:02:10","modified_gmt":"2021-07-21T22:02:10","slug":"descarta-congreso-estado","status":"publish","type":"post","link":"https:\/\/sintesis.com.mx\/puebla\/2021\/07\/21\/descarta-congreso-estado\/","title":{"rendered":"Descarta Congreso del Estado brote de COVID-19 al interior del Poder Legislativo"},"content":{"rendered":"<p>El <a href=\"https:\/\/twitter.com\/CongresoPue?ref_src=twsrc%5Egoogle%7Ctwcamp%5Eserp%7Ctwgr%5Eauthor\"><strong>Congreso del Estado<\/strong> <\/a>informa que a trav\u00e9s de las <strong><a href=\"https:\/\/sintesis.com.mx\/puebla\/2021\/07\/21\/aprueba-lx-legislatura-exhorto-2\/\">pruebas<\/a> de PCR<\/strong> y de <strong>ant\u00edgenos<\/strong>, que se han realizado a toda persona que <strong>ingresa a las instalaciones del Poder Legislativo,<\/strong> del 2 de julio a la fecha, solo se han identificado cinco probables casos positivos del <strong>COVID-19<\/strong> que fueron remitidos a supervisi\u00f3n m\u00e9dica de manera inmediata sin que tuvieran contacto con m\u00e1s gente.<\/p>\n<p>La <strong>LX Legislatura del Congreso del Estado<\/strong> reitera su disposici\u00f3n a la apertura gradual y responsable a la que toda la sociedad poblana est\u00e1 sometida y aprender a vivir con la pandemia y las normas sanitarias que las instituciones indican.<\/p>\n<p>Es necesario mencionar que se aplicaron 487 pruebas PCR y 203 de ant\u00edgenos, con una suma total de 690 ex\u00e1menes, del 2 al 21 de julio, con la finalidad de descartar el virus y evitar la propagaci\u00f3n.<\/p>\n<p>Seguiremos atentos para seguir velando por la salud de las y los diputados, as\u00ed como de todas las y los trabajadores del Poder Legislativo.<\/p>\n\n","protected":false},"excerpt":{"rendered":"<p>El Congreso del Estado informa que a trav\u00e9s de las pruebas de PCR y de ant\u00edgenos, que se han realizado a toda persona que ingresa a las instalaciones del Poder Legislativo, del 2 de julio a la fecha, solo se han identificado cinco probables casos positivos del COVID-19 que fueron remitidos a supervisi\u00f3n m\u00e9dica de [&hellip;]<\/p>\n","protected":false},"author":26,"featured_media":0,"comment_status":"open","ping_status":"open","sticky":false,"template":"","format":"standard","meta":{"footnotes":""},"categories":[3,11],"tags":[25980,1960,34956,21918,70344,4847,21670,896,18,23,8253],"yst_prominent_words":[29787,32609,32964,33949,31329],"class_list":["post-243916","post","type-post","status-publish","format-standard","hentry","category-puebla","category-slide","tag-brote","tag-congreso-del-estado","tag-covid-19","tag-descarta","tag-interior","tag-legislativo","tag-poder","tag-politica","tag-puebla","tag-slide","tag-slideapp"],"_links":{"self":[{"href":"https:\/\/sintesis.com.mx\/puebla\/wp-json\/wp\/v2\/posts\/243916"}],"collection":[{"href":"https:\/\/sintesis.com.mx\/puebla\/wp-json\/wp\/v2\/posts"}],"about":[{"href":"https:\/\/sintesis.com.mx\/puebla\/wp-json\/wp\/v2\/types\/post"}],"author":[{"embeddable":true,"href":"https:\/\/sintesis.com.mx\/puebla\/wp-json\/wp\/v2\/users\/26"}],"replies":[{"embeddable":true,"href":"https:\/\/sintesis.com.mx\/puebla\/wp-json\/wp\/v2\/comments?post=243916"}],"version-history":[{"count":0,"href":"https:\/\/sintesis.com.mx\/puebla\/wp-json\/wp\/v2\/posts\/243916\/revisions"}],"wp:attachment":[{"href":"https:\/\/sintesis.com.mx\/puebla\/wp-json\/wp\/v2\/media?parent=243916"}],"wp:term":[{"taxonomy":"category","embeddable":true,"href":"https:\/\/sintesis.com.mx\/puebla\/wp-json\/wp\/v2\/categories?post=243916"},{"taxonomy":"post_tag","embeddable":true,"href":"https:\/\/sintesis.com.mx\/puebla\/wp-json\/wp\/v2\/tags?post=243916"},{"taxonomy":"yst_prominent_words","embeddable":true,"href":"https:\/\/sintesis.com.mx\/puebla\/wp-json\/wp\/v2\/yst_prominent_words?post=243916"}],"curies":[{"name":"wp","href":"https:\/\/api.w.org\/{rel}","templated":true}]}}